{"id":53129,"date":"2024-04-30T07:35:14","date_gmt":"2024-04-30T13:35:14","guid":{"rendered":"https:\/\/elinformante.mx\/?p=53129"},"modified":"2024-04-30T07:35:16","modified_gmt":"2024-04-30T13:35:16","slug":"gobierno-da-seguimiento-al-accidente-de-autobus-registrado-en-malinalco","status":"publish","type":"post","link":"https:\/\/elinformante.mx\/?p=53129","title":{"rendered":"Gobierno da seguimiento al accidente de autob\u00fas registrado en Malinalco"},"content":{"rendered":"\n<blockquote class=\"wp-block-quote is-layout-flow wp-block-quote-is-layout-flow\">\n<p>La gobernadora Delfina G\u00f3mez \u00c1lvarez refrenda el apoyo y acompa\u00f1amiento a los familiares de los peregrinos.<\/p>\n<\/blockquote>\n\n\n\n<p>En la Mesa de Coordinaci\u00f3n para la Construcci\u00f3n de la Paz, encabezada por la Gobernadora del Estado de M\u00e9xico, Delfina G\u00f3mez \u00c1lvarez, se dio seguimiento a las acciones derivadas de la volcadura de un autob\u00fas procedente del estado de Guanajuato, sobre la carretera Capul\u00edn-Chalma, municipio de Malinalco.<br><\/p>\n\n\n\n<p>La Gobernadora Delfina G\u00f3mez expres\u00f3 la voluntad de apoyo y acompa\u00f1amiento institucional a los familiares de las personas fallecidas y de las lesionadas que son atendidas en diversos hospitales del Estado de M\u00e9xico.<br><\/p>\n\n\n\n<figure class=\"wp-block-image size-large\"><img fetchpriority=\"high\" decoding=\"async\" width=\"1024\" height=\"503\" src=\"https:\/\/elinformante.mx\/wp-content\/uploads\/2024\/04\/7.2DELFINA-3-1024x503.jpg\" alt=\"\" class=\"wp-image-53131\" srcset=\"https:\/\/elinformante.mx\/wp-content\/uploads\/2024\/04\/7.2DELFINA-3-1024x503.jpg 1024w, https:\/\/elinformante.mx\/wp-content\/uploads\/2024\/04\/7.2DELFINA-3-300x147.jpg 300w, https:\/\/elinformante.mx\/wp-content\/uploads\/2024\/04\/7.2DELFINA-3-768x377.jpg 768w, https:\/\/elinformante.mx\/wp-content\/uploads\/2024\/04\/7.2DELFINA-3-580x285.jpg 580w, https:\/\/elinformante.mx\/wp-content\/uploads\/2024\/04\/7.2DELFINA-3-860x422.jpg 860w, https:\/\/elinformante.mx\/wp-content\/uploads\/2024\/04\/7.2DELFINA-3.jpg 1140w\" sizes=\"(max-width: 1024px) 100vw, 1024px\" \/><\/figure>\n\n\n\n<p>En la sesi\u00f3n n\u00famero 80, realizada en Palacio de Gobierno, participaron Horacio Duarte Olivares, Secretario General de Gobierno del Estado de M\u00e9xico; Andr\u00e9s Andrade T\u00e9llez, Secretario de Seguridad estatal; y Jos\u00e9 Luis Cervantes Mart\u00ednez, Fiscal General de Justicia del Estado de M\u00e9xico.<br><\/p>\n\n\n\n<p>Tambi\u00e9n asistieron representantes de las Secretar\u00edas de la Defensa Nacional (Sedena) y de Marina (Semar); as\u00ed como de la Guardia Nacional (GN), del Centro Nacional de Inteligencia; Protecci\u00f3n Civil estatal; y Comisi\u00f3n de Derechos Humanos del Estado de M\u00e9xico (Codhem).<\/p>\n\n\n\n<figure class=\"wp-block-image size-large\"><img decoding=\"async\" width=\"1024\" height=\"503\" src=\"https:\/\/elinformante.mx\/wp-content\/uploads\/2024\/04\/7DELFINA-7-1024x503.jpg\" alt=\"\" class=\"wp-image-53132\" srcset=\"https:\/\/elinformante.mx\/wp-content\/uploads\/2024\/04\/7DELFINA-7-1024x503.jpg 1024w, https:\/\/elinformante.mx\/wp-content\/uploads\/2024\/04\/7DELFINA-7-300x147.jpg 300w, https:\/\/elinformante.mx\/wp-content\/uploads\/2024\/04\/7DELFINA-7-768x377.jpg 768w, https:\/\/elinformante.mx\/wp-content\/uploads\/2024\/04\/7DELFINA-7-580x285.jpg 580w, https:\/\/elinformante.mx\/wp-content\/uploads\/2024\/04\/7DELFINA-7-860x422.jpg 860w, https:\/\/elinformante.mx\/wp-content\/uploads\/2024\/04\/7DELFINA-7.jpg 1140w\" sizes=\"(max-width: 1024px) 100vw, 1024px\" \/><\/figure>\n","protected":false},"excerpt":{"rendered":"<p>La gobernadora Delfina G\u00f3mez \u00c1lvarez refrenda el apoyo y acompa\u00f1amiento a los familiares de los peregrinos. En la Mesa de Coordinaci\u00f3n para la Construcci\u00f3n de la Paz, encabezada por la Gobernadora del Estado de M\u00e9xico, Delfina G\u00f3mez \u00c1lvarez, se dio seguimiento a las acciones derivadas de la volcadura de un autob\u00fas procedente del estado de [&hellip;]<\/p>\n","protected":false},"author":1,"featured_media":53130,"comment_status":"closed","ping_status":"closed","sticky":false,"template":"","format":"standard","meta":{"footnotes":""},"categories":[30,36],"tags":[],"class_list":["post-53129","post","type-post","status-publish","format-standard","has-post-thumbnail","hentry","category-destacado","category-edomex"],"_links":{"self":[{"href":"https:\/\/elinformante.mx\/index.php?rest_route=\/wp\/v2\/posts\/53129","targetHints":{"allow":["GET"]}}],"collection":[{"href":"https:\/\/elinformante.mx\/index.php?rest_route=\/wp\/v2\/posts"}],"about":[{"href":"https:\/\/elinformante.mx\/index.php?rest_route=\/wp\/v2\/types\/post"}],"author":[{"embeddable":true,"href":"https:\/\/elinformante.mx\/index.php?rest_route=\/wp\/v2\/users\/1"}],"replies":[{"embeddable":true,"href":"https:\/\/elinformante.mx\/index.php?rest_route=%2Fwp%2Fv2%2Fcomments&post=53129"}],"version-history":[{"count":0,"href":"https:\/\/elinformante.mx\/index.php?rest_route=\/wp\/v2\/posts\/53129\/revisions"}],"wp:featuredmedia":[{"embeddable":true,"href":"https:\/\/elinformante.mx\/index.php?rest_route=\/wp\/v2\/media\/53130"}],"wp:attachment":[{"href":"https:\/\/elinformante.mx\/index.php?rest_route=%2Fwp%2Fv2%2Fmedia&parent=53129"}],"wp:term":[{"taxonomy":"category","embeddable":true,"href":"https:\/\/elinformante.mx\/index.php?rest_route=%2Fwp%2Fv2%2Fcategories&post=53129"},{"taxonomy":"post_tag","embeddable":true,"href":"https:\/\/elinformante.mx\/index.php?rest_route=%2Fwp%2Fv2%2Ftags&post=53129"}],"curies":[{"name":"wp","href":"https:\/\/api.w.org\/{rel}","templated":true}]}}