{"id":53155,"date":"2024-04-30T07:52:28","date_gmt":"2024-04-30T13:52:28","guid":{"rendered":"https:\/\/elinformante.mx\/?p=53155"},"modified":"2024-04-30T07:52:29","modified_gmt":"2024-04-30T13:52:29","slug":"obispo-salvador-rangel-no-estaba-desaparecido-sino-hospitalizado","status":"publish","type":"post","link":"https:\/\/elinformante.mx\/?p=53155","title":{"rendered":"Obispo Salvador Rangel no estaba desaparecido, sino hospitalizado"},"content":{"rendered":"\n<blockquote class=\"wp-block-quote is-layout-flow wp-block-quote-is-layout-flow\">\n<p>Se perdi\u00f3 el rastro del prelado desde el s\u00e1bado, cuando sali\u00f3 de su domicilio en Jiutepec, Morelos. Alrededor de las seis de la tarde, parti\u00f3 rumbo a Chilpancingo, Guerrero, pero nunca lleg\u00f3.<\/p>\n<\/blockquote>\n\n\n\n<p>La Iglesia Mexicana report\u00f3 la aparici\u00f3n con vida de Salvador Rangel Mendoza, obispo de Chilapa, Guerrero, reportado previamente como desaparecido.<br><\/p>\n\n\n\n<p>El comunicado de la Conferencia del Episcopado Mexicano (CEM) informa que el Salvador Rangel Mendoza, Obispo Em\u00e9rito de la Dio\u0301cesis de Chilpancingo Chilapa, fue localizado y se encuentra en el Hospital General \u201cDr. Jos\u00e9 G. Parres\u201d, perteneciente al sistema de salud pu\u0301blica del estado de Morelos en la ciudad de Cuernavaca.<br><\/p>\n\n\n\n<p>Previo a localizar al prelado, se hab\u00eda denunciado la desaparici\u00f3n del sacerdote conocido por su papel en el pacto entre los grupos delictivos \u201cTlacos\u201d y \u201cArdillos\u201d.<br><\/p>\n\n\n\n<p>A trav\u00e9s de un comunicado, la Iglesia cat\u00f3lica de M\u00e9xico confirm\u00f3 que el prelado est\u00e1 desaparecido desde el s\u00e1bado, cuando sali\u00f3 de su domicilio en Jiutepec, Morelos. Alrededor de las seis de la tarde, parti\u00f3 rumbo a Chilpancingo, Guerrero, pero nunca lleg\u00f3.<br><\/p>\n\n\n\n<p>La \u00faltima se\u00f1al de su tel\u00e9fono celular indica que se detuvo a las 20:45 horas en una fonda ubicada sobre la autopista del Sol, en el l\u00edmite entre Morelos y Guerrero.<br><\/p>\n\n\n\n<p>En marzo pasado, Salvador Rangel revel\u00f3 que est\u00e1 \u201csentenciado\u201d a muerte, \u201cno s\u00e9 si por el gobierno o por estos Capos\u201d, en referencia a su intervenci\u00f3n para que tanto \u201cTlacos\u201d como \u201cArdillos\u201d firmaran un pacto de paz que pondr\u00eda fin a los enfrentamientos entre ambos grupos criminales.<\/p>\n","protected":false},"excerpt":{"rendered":"<p>Se perdi\u00f3 el rastro del prelado desde el s\u00e1bado, cuando sali\u00f3 de su domicilio en Jiutepec, Morelos. Alrededor de las seis de la tarde, parti\u00f3 rumbo a Chilpancingo, Guerrero, pero nunca lleg\u00f3. La Iglesia Mexicana report\u00f3 la aparici\u00f3n con vida de Salvador Rangel Mendoza, obispo de Chilapa, Guerrero, reportado previamente como desaparecido. El comunicado de [&hellip;]<\/p>\n","protected":false},"author":1,"featured_media":53156,"comment_status":"closed","ping_status":"closed","sticky":false,"template":"","format":"standard","meta":{"footnotes":""},"categories":[34],"tags":[],"class_list":["post-53155","post","type-post","status-publish","format-standard","has-post-thumbnail","hentry","category-nacional"],"_links":{"self":[{"href":"https:\/\/elinformante.mx\/index.php?rest_route=\/wp\/v2\/posts\/53155","targetHints":{"allow":["GET"]}}],"collection":[{"href":"https:\/\/elinformante.mx\/index.php?rest_route=\/wp\/v2\/posts"}],"about":[{"href":"https:\/\/elinformante.mx\/index.php?rest_route=\/wp\/v2\/types\/post"}],"author":[{"embeddable":true,"href":"https:\/\/elinformante.mx\/index.php?rest_route=\/wp\/v2\/users\/1"}],"replies":[{"embeddable":true,"href":"https:\/\/elinformante.mx\/index.php?rest_route=%2Fwp%2Fv2%2Fcomments&post=53155"}],"version-history":[{"count":0,"href":"https:\/\/elinformante.mx\/index.php?rest_route=\/wp\/v2\/posts\/53155\/revisions"}],"wp:featuredmedia":[{"embeddable":true,"href":"https:\/\/elinformante.mx\/index.php?rest_route=\/wp\/v2\/media\/53156"}],"wp:attachment":[{"href":"https:\/\/elinformante.mx\/index.php?rest_route=%2Fwp%2Fv2%2Fmedia&parent=53155"}],"wp:term":[{"taxonomy":"category","embeddable":true,"href":"https:\/\/elinformante.mx\/index.php?rest_route=%2Fwp%2Fv2%2Fcategories&post=53155"},{"taxonomy":"post_tag","embeddable":true,"href":"https:\/\/elinformante.mx\/index.php?rest_route=%2Fwp%2Fv2%2Ftags&post=53155"}],"curies":[{"name":"wp","href":"https:\/\/api.w.org\/{rel}","templated":true}]}}