{"id":53158,"date":"2024-04-30T07:53:45","date_gmt":"2024-04-30T13:53:45","guid":{"rendered":"https:\/\/elinformante.mx\/?p=53158"},"modified":"2024-04-30T07:53:46","modified_gmt":"2024-04-30T13:53:46","slug":"bloqueo-en-tetela-de-ocampo-puebla-afecta-combate-de-incendio-cespedes","status":"publish","type":"post","link":"https:\/\/elinformante.mx\/?p=53158","title":{"rendered":"Bloqueo en Tetela de Ocampo, Puebla, afecta combate de incendio: C\u00e9spedes"},"content":{"rendered":"\n<blockquote class=\"wp-block-quote is-layout-flow wp-block-quote-is-layout-flow\">\n<p>Los incendios no se apagan con bloqueos ni amenazas, se\u00f1al\u00f3 el gobernador de Puebla.<\/p>\n<\/blockquote>\n\n\n\n<p>Los incendios no se apagan con bloqueos ni amenazas, se\u00f1al\u00f3 el gobernador, Sergio Salom\u00f3n C\u00e9spedes Peregrina, tras indicar que en el tema del siniestro en Tetela hay tintes pol\u00edticos de por medio, ya que quienes bloquearon una vialidad terminaron por afectar el combate a las llamas.<br><\/p>\n\n\n\n<p>El mandatario poblano indic\u00f3 que se tienen identificadas a las personas que participaron en el bloqueo y habr\u00e1 un serio llamado de atenci\u00f3n para los dos grupos que participaron, ya que con ese acto para exigir apoyo de la autoridad \u00fanicamente impidieron que los brigadistas y voluntarios pudieran acudir a realizar su trabajo.<br><\/p>\n\n\n\n<figure class=\"wp-block-image size-large\"><img fetchpriority=\"high\" decoding=\"async\" width=\"1024\" height=\"503\" src=\"https:\/\/elinformante.mx\/wp-content\/uploads\/2024\/04\/4PUEBLA-2-1-1024x503.jpg\" alt=\"\" class=\"wp-image-53160\" srcset=\"https:\/\/elinformante.mx\/wp-content\/uploads\/2024\/04\/4PUEBLA-2-1-1024x503.jpg 1024w, https:\/\/elinformante.mx\/wp-content\/uploads\/2024\/04\/4PUEBLA-2-1-300x147.jpg 300w, https:\/\/elinformante.mx\/wp-content\/uploads\/2024\/04\/4PUEBLA-2-1-768x377.jpg 768w, https:\/\/elinformante.mx\/wp-content\/uploads\/2024\/04\/4PUEBLA-2-1-580x285.jpg 580w, https:\/\/elinformante.mx\/wp-content\/uploads\/2024\/04\/4PUEBLA-2-1-860x422.jpg 860w, https:\/\/elinformante.mx\/wp-content\/uploads\/2024\/04\/4PUEBLA-2-1.jpg 1140w\" sizes=\"(max-width: 1024px) 100vw, 1024px\" \/><\/figure>\n\n\n\n<p>C\u00e9spedes indic\u00f3 que tambi\u00e9n se conoce que el incendio iniciado en la zona del relleno sanitario fue con alevos\u00eda, por lo que tendr\u00e1 que haber consecuencias mayores para quienes provocan las llamas, dado que en las labores de combate se invierten recursos materiales y humanos.<br><\/p>\n\n\n\n<p>Por su parte, la encargada de despacho de la Secretaria de Medio Ambiente, Desarrollo Sustentable y Ordenamiento Territorial (SMADSOT), Norma Sandoval G\u00f3mez, inform\u00f3 que ya suman 274 incendios forestales en lo que va del a\u00f1o, que han dejado un total de 9 mil 435 hect\u00e1reas afectadas, siendo el de Tetela el \u00fanico que se mantiene activo.<br><\/p>\n\n\n\n<p>Agreg\u00f3 que hay una parte del siniestro que se encuentra en zona de acantilados y siempre es dif\u00edcil de acceder, adem\u00e1s de que pueden levantarse columnas de humo muy grandes, sin que eso signifique que el incendio no se est\u00e9 controlando.<\/p>\n","protected":false},"excerpt":{"rendered":"<p>Los incendios no se apagan con bloqueos ni amenazas, se\u00f1al\u00f3 el gobernador de Puebla. Los incendios no se apagan con bloqueos ni amenazas, se\u00f1al\u00f3 el gobernador, Sergio Salom\u00f3n C\u00e9spedes Peregrina, tras indicar que en el tema del siniestro en Tetela hay tintes pol\u00edticos de por medio, ya que quienes bloquearon una vialidad terminaron por afectar [&hellip;]<\/p>\n","protected":false},"author":1,"featured_media":53159,"comment_status":"closed","ping_status":"closed","sticky":false,"template":"","format":"standard","meta":{"footnotes":""},"categories":[34],"tags":[],"class_list":["post-53158","post","type-post","status-publish","format-standard","has-post-thumbnail","hentry","category-nacional"],"_links":{"self":[{"href":"https:\/\/elinformante.mx\/index.php?rest_route=\/wp\/v2\/posts\/53158","targetHints":{"allow":["GET"]}}],"collection":[{"href":"https:\/\/elinformante.mx\/index.php?rest_route=\/wp\/v2\/posts"}],"about":[{"href":"https:\/\/elinformante.mx\/index.php?rest_route=\/wp\/v2\/types\/post"}],"author":[{"embeddable":true,"href":"https:\/\/elinformante.mx\/index.php?rest_route=\/wp\/v2\/users\/1"}],"replies":[{"embeddable":true,"href":"https:\/\/elinformante.mx\/index.php?rest_route=%2Fwp%2Fv2%2Fcomments&post=53158"}],"version-history":[{"count":0,"href":"https:\/\/elinformante.mx\/index.php?rest_route=\/wp\/v2\/posts\/53158\/revisions"}],"wp:featuredmedia":[{"embeddable":true,"href":"https:\/\/elinformante.mx\/index.php?rest_route=\/wp\/v2\/media\/53159"}],"wp:attachment":[{"href":"https:\/\/elinformante.mx\/index.php?rest_route=%2Fwp%2Fv2%2Fmedia&parent=53158"}],"wp:term":[{"taxonomy":"category","embeddable":true,"href":"https:\/\/elinformante.mx\/index.php?rest_route=%2Fwp%2Fv2%2Fcategories&post=53158"},{"taxonomy":"post_tag","embeddable":true,"href":"https:\/\/elinformante.mx\/index.php?rest_route=%2Fwp%2Fv2%2Ftags&post=53158"}],"curies":[{"name":"wp","href":"https:\/\/api.w.org\/{rel}","templated":true}]}}