{"id":53166,"date":"2024-04-30T08:00:54","date_gmt":"2024-04-30T14:00:54","guid":{"rendered":"https:\/\/elinformante.mx\/?p=53166"},"modified":"2024-04-30T08:00:55","modified_gmt":"2024-04-30T14:00:55","slug":"extorsion-debe-ser-delito-grave-para-reducir-inseguridad-sheinbaum","status":"publish","type":"post","link":"https:\/\/elinformante.mx\/?p=53166","title":{"rendered":"Extorsi\u00f3n debe ser delito grave para reducir inseguridad: Sheinbaum"},"content":{"rendered":"\n<blockquote class=\"wp-block-quote is-layout-flow wp-block-quote-is-layout-flow\">\n<p>Reconoci\u00f3 que los productores no denuncian los casos de extorsi\u00f3n por miedo a amenazas, por lo que plante\u00f3 que sean terceros quienes reporten estos delitos.<\/p>\n<\/blockquote>\n\n\n\n<p>Ante el Consejo Nacional Agr\u00edcola, el cual representa a un mill\u00f3n 800 mil productores, Claudia Sheinbaum, candidata presidencial de Morena, PT y Verde, ofreci\u00f3 endurecer el delito de extorsi\u00f3n como uno de los elementos para combatir la inseguridad que padecen en este sector.<br><\/p>\n\n\n\n<p>Acompa\u00f1ada de Juan Ram\u00f3n de la Fuente y Julio Berdegu\u00e9, integrantes de su equipo de campa\u00f1a, la abanderada presidencial de la coalici\u00f3n Sigamos Haciendo Historia calific\u00f3 de \u201cindispensable\u201d realizar esta modificaci\u00f3n, por lo que se dijo convencida de que durante su gobierno disminuir\u00e1 \u00e9ste y otros il\u00edcitos.<br><\/p>\n\n\n\n<p>\u201cPrimero hay que catalogar la extorsi\u00f3n como delito grave que no lo es y es indispensable que esto quede en el C\u00f3digo Penal federal y en los C\u00f3digo Penales estatales. Cuando se hizo eso con el secuestro dio resultados y en el caso de la extorsi\u00f3n es indispensable catalogarlo de esa manera, es lo primero.<br><\/p>\n\n\n\n<figure class=\"wp-block-image size-large\"><img fetchpriority=\"high\" decoding=\"async\" width=\"1024\" height=\"503\" src=\"https:\/\/elinformante.mx\/wp-content\/uploads\/2024\/04\/10SHEINBAUM-2-11-1024x503.jpg\" alt=\"\" class=\"wp-image-53168\" srcset=\"https:\/\/elinformante.mx\/wp-content\/uploads\/2024\/04\/10SHEINBAUM-2-11-1024x503.jpg 1024w, https:\/\/elinformante.mx\/wp-content\/uploads\/2024\/04\/10SHEINBAUM-2-11-300x147.jpg 300w, https:\/\/elinformante.mx\/wp-content\/uploads\/2024\/04\/10SHEINBAUM-2-11-768x377.jpg 768w, https:\/\/elinformante.mx\/wp-content\/uploads\/2024\/04\/10SHEINBAUM-2-11-580x285.jpg 580w, https:\/\/elinformante.mx\/wp-content\/uploads\/2024\/04\/10SHEINBAUM-2-11-860x422.jpg 860w, https:\/\/elinformante.mx\/wp-content\/uploads\/2024\/04\/10SHEINBAUM-2-11.jpg 1140w\" sizes=\"(max-width: 1024px) 100vw, 1024px\" \/><\/figure>\n\n\n\n<p>\u201cEstamos con ese proyecto y estoy convencida que, cuando lleguemos -porque vamos a llegar- vamos a disminuir la extorsi\u00f3n y otros delitos del fuero com\u00fan y delitos federales\u201d, enfatiz\u00f3.<br><\/p>\n\n\n\n<p>Sheinbaum Pardo tambi\u00e9n reconoci\u00f3 que productores no denuncian casos de extorsi\u00f3n por miedo a amenazas, por lo que plante\u00f3 que sean terceros los que presenten las denuncias ante los Ministerios P\u00fablicos.<br><\/p>\n\n\n\n<p>\u201cMuchas veces un productor no denuncia la extorsi\u00f3n por temor y es natural si est\u00e1 amenazado, entonces tenemos que dar las condiciones para que no tenga que ser el productor quien denuncie directamente a la Fiscal\u00eda o al comercializador sino que sea a trav\u00e9s de un tercero como la Guardia Nacional, por ejemplo, que desarrolle las capacidades de inteligencia e investigaci\u00f3n para saber qui\u00e9nes son los que cometen el delito y poder desintegrar estas bandas delincuenciales\u201d, subray\u00f3.<\/p>\n","protected":false},"excerpt":{"rendered":"<p>Reconoci\u00f3 que los productores no denuncian los casos de extorsi\u00f3n por miedo a amenazas, por lo que plante\u00f3 que sean terceros quienes reporten estos delitos. Ante el Consejo Nacional Agr\u00edcola, el cual representa a un mill\u00f3n 800 mil productores, Claudia Sheinbaum, candidata presidencial de Morena, PT y Verde, ofreci\u00f3 endurecer el delito de extorsi\u00f3n como [&hellip;]<\/p>\n","protected":false},"author":1,"featured_media":53167,"comment_status":"closed","ping_status":"closed","sticky":false,"template":"","format":"standard","meta":{"footnotes":""},"categories":[34],"tags":[],"class_list":["post-53166","post","type-post","status-publish","format-standard","has-post-thumbnail","hentry","category-nacional"],"_links":{"self":[{"href":"https:\/\/elinformante.mx\/index.php?rest_route=\/wp\/v2\/posts\/53166","targetHints":{"allow":["GET"]}}],"collection":[{"href":"https:\/\/elinformante.mx\/index.php?rest_route=\/wp\/v2\/posts"}],"about":[{"href":"https:\/\/elinformante.mx\/index.php?rest_route=\/wp\/v2\/types\/post"}],"author":[{"embeddable":true,"href":"https:\/\/elinformante.mx\/index.php?rest_route=\/wp\/v2\/users\/1"}],"replies":[{"embeddable":true,"href":"https:\/\/elinformante.mx\/index.php?rest_route=%2Fwp%2Fv2%2Fcomments&post=53166"}],"version-history":[{"count":0,"href":"https:\/\/elinformante.mx\/index.php?rest_route=\/wp\/v2\/posts\/53166\/revisions"}],"wp:featuredmedia":[{"embeddable":true,"href":"https:\/\/elinformante.mx\/index.php?rest_route=\/wp\/v2\/media\/53167"}],"wp:attachment":[{"href":"https:\/\/elinformante.mx\/index.php?rest_route=%2Fwp%2Fv2%2Fmedia&parent=53166"}],"wp:term":[{"taxonomy":"category","embeddable":true,"href":"https:\/\/elinformante.mx\/index.php?rest_route=%2Fwp%2Fv2%2Fcategories&post=53166"},{"taxonomy":"post_tag","embeddable":true,"href":"https:\/\/elinformante.mx\/index.php?rest_route=%2Fwp%2Fv2%2Ftags&post=53166"}],"curies":[{"name":"wp","href":"https:\/\/api.w.org\/{rel}","templated":true}]}}