{"id":53174,"date":"2024-04-30T08:05:01","date_gmt":"2024-04-30T14:05:01","guid":{"rendered":"https:\/\/elinformante.mx\/?p=53174"},"modified":"2024-04-30T08:05:01","modified_gmt":"2024-04-30T14:05:01","slug":"un-pais-dividido-por-el-encono-y-el-ansia-de-poder-de-amlo","status":"publish","type":"post","link":"https:\/\/elinformante.mx\/?p=53174","title":{"rendered":"UN PA\u00cdS DIVIDIDO POR EL ENCONO Y EL ANSIA DE PODER DE AMLO"},"content":{"rendered":"\n<blockquote class=\"wp-block-quote is-layout-flow wp-block-quote-is-layout-flow\">\n<p><strong>Por Luis Pinal Da Silva<\/strong><\/p>\n<\/blockquote>\n\n\n\n<p>M\u00e9xico se encuentra sumamente dividido, polarizado y ensangrentado.<br><\/p>\n\n\n\n<p>A estas alturas de los procesos electorales, habr\u00e1 quienes ya decidieron su voto por alguna de las candidatas, X\u00f3chitl G\u00e1lvez Ru\u00edz o Claudia Sheinbaum Pardo, y dif\u00edcilmente modificar\u00e1n su postura.<br><\/p>\n\n\n\n<p>Pero hay que advertir que la cercan\u00eda de la elecci\u00f3n acrecent\u00f3 la polarizaci\u00f3n de la sociedad mexicana, cuya mayor\u00eda no ha reparado en el estado en el que quedar\u00e1n las instituciones del pa\u00eds.<br><\/p>\n\n\n\n<p>Hay que advertir que quien gane la Presidencia heredar\u00e1 un sistema educativo en decadencia, que ha decidido esconder la cabeza para no ser evaluado porque sin duda no pasar\u00eda ninguna prueba, menos la PISA.<br><\/p>\n\n\n\n<p>Es evidente que en este sexenio una generaci\u00f3n saldr\u00e1 de las aulas sin los conocimientos requeridos para enfrentar el cambiante y demandante mundo laboral.<br><\/p>\n\n\n\n<p>Menester es se\u00f1alar que producto de la pandemia, no hubo clases con presencia f\u00edsica todo un ciclo escolar, a pesar del enorme esfuerzo que se hizo entonces desde la SEP, encabezada por Esteban Moctezuma Barrag\u00e1n, de construir un sistema de educaci\u00f3n a distancia.<br><\/p>\n\n\n\n<p>Pero despu\u00e9s de la pandemia, nadie se preocup\u00f3 por reponer el tiempo ni los conocimientos no impartidos; se dio vuelta a la hoja para caer en manos de funcionarios que privilegiaron la promoci\u00f3n de su ideolog\u00eda por sobre la actualizaci\u00f3n acad\u00e9mica, lo cual se advierte claramente en la elaboraci\u00f3n de los libros de texto gratuitos.<br><\/p>\n\n\n\n<p>Pero el sector salud es quiz\u00e1 el m\u00e1s golpeado, no solo por la pandemia sino por c\u00f3mo se manej\u00f3 a nivel federal y es que el desastre no fue el Covid, sino los costos\u00edsimos experimentos que hizo el gobierno para reventar la cadena de suministros sin tener una alternativa con qu\u00e9 sustituirla.<br><\/p>\n\n\n\n<p>La escasez de insumos para la salud, desde medicamentos b\u00e1sicos, especializados hasta materiales y equipo para las cirug\u00edas, ocurre en todos los hospitales p\u00fablicos, todos los d\u00edas; es decir, fracas\u00f3 el esquema de compra y ni que decir el de distribuci\u00f3n; fracas\u00f3 tambi\u00e9n el Insabi, ese monstruo creado para sustituir al Seguro Popular, lo que dej\u00f3 sin acceso al servicio m\u00e9dico a 30 millones de mexicanos sin seguridad social.<br><\/p>\n\n\n\n<p>Y de las obras insignias de este gobierno poco bueno se puede decir; ya Aerom\u00e9xico anunci\u00f3 que cancelar\u00e1 sus operaciones desde el AIFA por incosteable; de Dos Bocas, pues simplemente no refina ni un litro y el Tren Maya es m\u00e1s conocido por sus fallas que por sus aportaciones a las comunidades por donde transita.<br><\/p>\n\n\n\n<p>M\u00e9xico no requiere de una reconciliaci\u00f3n, esto es sumamente complicado cuando desde Palacio Nacional, diariamente se alienta la divisi\u00f3n entre mexicanos, sino una reconstrucci\u00f3n de sus instituciones.<\/p>\n","protected":false},"excerpt":{"rendered":"<p>Por Luis Pinal Da Silva M\u00e9xico se encuentra sumamente dividido, polarizado y ensangrentado. A estas alturas de los procesos electorales, habr\u00e1 quienes ya decidieron su voto por alguna de las candidatas, X\u00f3chitl G\u00e1lvez Ru\u00edz o Claudia Sheinbaum Pardo, y dif\u00edcilmente modificar\u00e1n su postura. Pero hay que advertir que la cercan\u00eda de la elecci\u00f3n acrecent\u00f3 la [&hellip;]<\/p>\n","protected":false},"author":1,"featured_media":53176,"comment_status":"closed","ping_status":"closed","sticky":false,"template":"","format":"standard","meta":{"footnotes":""},"categories":[32],"tags":[],"class_list":["post-53174","post","type-post","status-publish","format-standard","has-post-thumbnail","hentry","category-editorial"],"_links":{"self":[{"href":"https:\/\/elinformante.mx\/index.php?rest_route=\/wp\/v2\/posts\/53174","targetHints":{"allow":["GET"]}}],"collection":[{"href":"https:\/\/elinformante.mx\/index.php?rest_route=\/wp\/v2\/posts"}],"about":[{"href":"https:\/\/elinformante.mx\/index.php?rest_route=\/wp\/v2\/types\/post"}],"author":[{"embeddable":true,"href":"https:\/\/elinformante.mx\/index.php?rest_route=\/wp\/v2\/users\/1"}],"replies":[{"embeddable":true,"href":"https:\/\/elinformante.mx\/index.php?rest_route=%2Fwp%2Fv2%2Fcomments&post=53174"}],"version-history":[{"count":0,"href":"https:\/\/elinformante.mx\/index.php?rest_route=\/wp\/v2\/posts\/53174\/revisions"}],"wp:featuredmedia":[{"embeddable":true,"href":"https:\/\/elinformante.mx\/index.php?rest_route=\/wp\/v2\/media\/53176"}],"wp:attachment":[{"href":"https:\/\/elinformante.mx\/index.php?rest_route=%2Fwp%2Fv2%2Fmedia&parent=53174"}],"wp:term":[{"taxonomy":"category","embeddable":true,"href":"https:\/\/elinformante.mx\/index.php?rest_route=%2Fwp%2Fv2%2Fcategories&post=53174"},{"taxonomy":"post_tag","embeddable":true,"href":"https:\/\/elinformante.mx\/index.php?rest_route=%2Fwp%2Fv2%2Ftags&post=53174"}],"curies":[{"name":"wp","href":"https:\/\/api.w.org\/{rel}","templated":true}]}}