{"id":53184,"date":"2024-04-30T08:11:55","date_gmt":"2024-04-30T14:11:55","guid":{"rendered":"https:\/\/elinformante.mx\/?p=53184"},"modified":"2024-04-30T08:11:56","modified_gmt":"2024-04-30T14:11:56","slug":"precario-el-sector-salud-de-dinamarca-en-mexico","status":"publish","type":"post","link":"https:\/\/elinformante.mx\/?p=53184","title":{"rendered":"PRECARIO EL SECTOR SALUD DE \u201cDINAMARCA\u201d EN\u00a0M\u00c9XICO"},"content":{"rendered":"\n<blockquote class=\"wp-block-quote is-layout-flow wp-block-quote-is-layout-flow\">\n<p>Las promesas de Andr\u00e9s Manuel L\u00f3pez Obrador no se cristalizar\u00e1n en la parte final de su administraci\u00f3n; M\u00e9xico tardar\u00eda 30 a\u00f1os en alcanzar un sistema de salud como el de Dinamarca.<\/p>\n<\/blockquote>\n\n\n\n<p>Dice el dicho que \u201clas palabras se las lleva el viento\u201d y ello queda ad hoc a lo que ha insistido el presidente Andr\u00e9s Manuel L\u00f3pez Obrador de constituir en M\u00e9xico un sistema de salud como el de Dinamarca.<br><\/p>\n\n\n\n<p>Habida cuenta, el sistema mexicano lleva a\u00f1os sin inversi\u00f3n suficiente y las acciones que se realizan para mejorarlo son contrarias a los servicios de salud de los pa\u00edses n\u00f3rdicos, pero en la recta final del sexenio, L\u00f3pez Obrador ha reiterado que su meta es cumplir su promesa de dejar un sistema de salud que funcione como el de Dinamarca.<br><\/p>\n\n\n\n<p>La idea est\u00e1 m\u00e1s que lejos, y se calcula que alrededor de 30 a\u00f1os, con una inversi\u00f3n fuerte en salud es necesario, y no \u00fanicamente por los cambios en materia de salud que se han cometido durante este gobierno.<br><\/p>\n\n\n\n<p>Hay que destacar que el sistema mexicano lleva a\u00f1os sin inversi\u00f3n suficiente y las acciones que se realizan ahora para mejorarlo son contrarias a las caracter\u00edsticas de los servicios de salud de los pa\u00edses n\u00f3rdicos.<br><\/p>\n\n\n\n<figure class=\"wp-block-image size-large\"><img fetchpriority=\"high\" decoding=\"async\" width=\"1024\" height=\"503\" src=\"https:\/\/elinformante.mx\/wp-content\/uploads\/2024\/04\/PRECARIO-4-1024x503.jpg\" alt=\"\" class=\"wp-image-53186\" srcset=\"https:\/\/elinformante.mx\/wp-content\/uploads\/2024\/04\/PRECARIO-4-1024x503.jpg 1024w, https:\/\/elinformante.mx\/wp-content\/uploads\/2024\/04\/PRECARIO-4-300x147.jpg 300w, https:\/\/elinformante.mx\/wp-content\/uploads\/2024\/04\/PRECARIO-4-768x377.jpg 768w, https:\/\/elinformante.mx\/wp-content\/uploads\/2024\/04\/PRECARIO-4-580x285.jpg 580w, https:\/\/elinformante.mx\/wp-content\/uploads\/2024\/04\/PRECARIO-4-860x422.jpg 860w, https:\/\/elinformante.mx\/wp-content\/uploads\/2024\/04\/PRECARIO-4.jpg 1140w\" sizes=\"(max-width: 1024px) 100vw, 1024px\" \/><\/figure>\n\n\n\n<p>Hay que advertir que el sistema de salud de los pa\u00edses n\u00f3rdicos ha sido reconocido como uno de los mejores del mundo porque brinda los mismos servicios a toda su poblaci\u00f3n; es decir, se trata de un sistema universal, y no existe distinci\u00f3n.<br><\/p>\n\n\n\n<p>Mientras que en M\u00e9xico, por el contrario, el sistema es fragmentario y se compone de subsistemas.<br><\/p>\n\n\n\n<p>Por ejemplo, hay una instituci\u00f3n para los trabajadores del Estado, que es el ISSSTE; otra para los empleados formales, que es el IMSS, y ahora el IMSS-Bienestar para las personas sin seguridad social, m\u00e1s los servicios de salud de las Fuerzas Armadas y de Pemex.<br><\/p>\n\n\n\n<p>Con el Instituto de Salud para el Bienestar (Insabi) se intent\u00f3, primero, universalizar el sistema de salud, pero no se logr\u00f3.<br><\/p>\n\n\n\n<figure class=\"wp-block-image size-large\"><img decoding=\"async\" width=\"1024\" height=\"503\" src=\"https:\/\/elinformante.mx\/wp-content\/uploads\/2024\/04\/PRECARIO-3-1024x503.jpg\" alt=\"\" class=\"wp-image-53187\" srcset=\"https:\/\/elinformante.mx\/wp-content\/uploads\/2024\/04\/PRECARIO-3-1024x503.jpg 1024w, https:\/\/elinformante.mx\/wp-content\/uploads\/2024\/04\/PRECARIO-3-300x147.jpg 300w, https:\/\/elinformante.mx\/wp-content\/uploads\/2024\/04\/PRECARIO-3-768x377.jpg 768w, https:\/\/elinformante.mx\/wp-content\/uploads\/2024\/04\/PRECARIO-3-580x285.jpg 580w, https:\/\/elinformante.mx\/wp-content\/uploads\/2024\/04\/PRECARIO-3-860x422.jpg 860w, https:\/\/elinformante.mx\/wp-content\/uploads\/2024\/04\/PRECARIO-3.jpg 1140w\" sizes=\"(max-width: 1024px) 100vw, 1024px\" \/><\/figure>\n\n\n\n<p>La fragmentaci\u00f3n ha impedido que los servicios de salud sean universales, ya que cada instituci\u00f3n invierte m\u00e1s o menos en sus afiliados y los servicios que ofrece son de mayor o menor calidad.<br><\/p>\n\n\n\n<p>Ahora el organismo IMSS-Bienestar encabeza el esfuerzo de universalizar la atenci\u00f3n para la poblaci\u00f3n sin afiliaci\u00f3n, pero contin\u00faa diferenciando la atenci\u00f3n, ya que en lugar de incorporar a la poblaci\u00f3n al r\u00e9gimen regular del IMSS y brindarle los mismos servicios, se cre\u00f3 un organismo para los m\u00e1s pobres, quienes recibir\u00e1n servicios mucho m\u00e1s limitados que los que recibe la poblaci\u00f3n derechohabiente.<br><\/p>\n\n\n\n<p>Otro aspecto es que Dinamarca invierte en salud mucho m\u00e1s de lo que gasta M\u00e9xico, ya que all\u00e1 se destina al sistema sanitario alrededor del 11% de su Producto Interno Bruto (PIB), mientras que en el nuestro se habla de un presupuesto equivalente al 2.80% del PIB.<br><\/p>\n\n\n\n<p>Tambi\u00e9n hay que destacar que entre 2015 y 2018, el presupuesto de la Secretar\u00eda de Salud se redujo 35,000 millones de pesos y se ha estancado en la actual administraci\u00f3n.<br><\/p>\n\n\n\n<figure class=\"wp-block-image size-large\"><img decoding=\"async\" width=\"1024\" height=\"503\" src=\"https:\/\/elinformante.mx\/wp-content\/uploads\/2024\/04\/PRECARIO-5-1024x503.jpg\" alt=\"\" class=\"wp-image-53188\" srcset=\"https:\/\/elinformante.mx\/wp-content\/uploads\/2024\/04\/PRECARIO-5-1024x503.jpg 1024w, https:\/\/elinformante.mx\/wp-content\/uploads\/2024\/04\/PRECARIO-5-300x147.jpg 300w, https:\/\/elinformante.mx\/wp-content\/uploads\/2024\/04\/PRECARIO-5-768x377.jpg 768w, https:\/\/elinformante.mx\/wp-content\/uploads\/2024\/04\/PRECARIO-5-580x285.jpg 580w, https:\/\/elinformante.mx\/wp-content\/uploads\/2024\/04\/PRECARIO-5-860x422.jpg 860w, https:\/\/elinformante.mx\/wp-content\/uploads\/2024\/04\/PRECARIO-5.jpg 1140w\" sizes=\"(max-width: 1024px) 100vw, 1024px\" \/><\/figure>\n\n\n\n<p>Adem\u00e1s, mientras los beneficios del sistema dan\u00e9s son amplios, la atenci\u00f3n que ha considerado primero el Insabi y ahora el IMSS-Bienestar incluye servicios ambulatorios y de hospitalizaci\u00f3n, sin claridad sobre la atenci\u00f3n de alta especialidad y alto costo.<br><\/p>\n\n\n\n<p>Lo que aleja a\u00fan m\u00e1s al gobierno de esta meta es que perdi\u00f3 casi todo el sexenio con el Insabi, la instituci\u00f3n de salud creada por el presidente Andr\u00e9s Manuel L\u00f3pez Obrador, que no cumpli\u00f3 y desaparece y transfiere todo al IMSS-Bienestar.<br><\/p>\n\n\n\n<p>Adem\u00e1s debe atenderse al hecho de que centralizar los servicios de los 32 estados es una labor administrativa compleja y se estima que se necesiten por lo menos 10 a\u00f1os para lograrlo por completo.<br><\/p>\n\n\n\n<p>Con ello es f\u00e1cil colegir que el presidente est\u00e1 ofreciendo algo inalcanzable para obtener apoyo popular, de hecho es una promesa demag\u00f3gica, ya que ofrece algo que no va a cumplir.<\/p>\n\n\n\n<figure class=\"wp-block-image size-large\"><img loading=\"lazy\" decoding=\"async\" width=\"1024\" height=\"503\" src=\"https:\/\/elinformante.mx\/wp-content\/uploads\/2024\/04\/PRECARIO-1024x503.jpg\" alt=\"\" class=\"wp-image-53189\" srcset=\"https:\/\/elinformante.mx\/wp-content\/uploads\/2024\/04\/PRECARIO-1024x503.jpg 1024w, https:\/\/elinformante.mx\/wp-content\/uploads\/2024\/04\/PRECARIO-300x147.jpg 300w, https:\/\/elinformante.mx\/wp-content\/uploads\/2024\/04\/PRECARIO-768x377.jpg 768w, https:\/\/elinformante.mx\/wp-content\/uploads\/2024\/04\/PRECARIO-580x285.jpg 580w, https:\/\/elinformante.mx\/wp-content\/uploads\/2024\/04\/PRECARIO-860x422.jpg 860w, https:\/\/elinformante.mx\/wp-content\/uploads\/2024\/04\/PRECARIO.jpg 1140w\" sizes=\"(max-width: 1024px) 100vw, 1024px\" \/><\/figure>\n","protected":false},"excerpt":{"rendered":"<p>Las promesas de Andr\u00e9s Manuel L\u00f3pez Obrador no se cristalizar\u00e1n en la parte final de su administraci\u00f3n; M\u00e9xico tardar\u00eda 30 a\u00f1os en alcanzar un sistema de salud como el de Dinamarca. Dice el dicho que \u201clas palabras se las lleva el viento\u201d y ello queda ad hoc a lo que ha insistido el presidente Andr\u00e9s [&hellip;]<\/p>\n","protected":false},"author":1,"featured_media":53185,"comment_status":"closed","ping_status":"closed","sticky":false,"template":"","format":"standard","meta":{"footnotes":""},"categories":[30,34,31],"tags":[],"class_list":["post-53184","post","type-post","status-publish","format-standard","has-post-thumbnail","hentry","category-destacado","category-nacional","category-portada"],"_links":{"self":[{"href":"https:\/\/elinformante.mx\/index.php?rest_route=\/wp\/v2\/posts\/53184","targetHints":{"allow":["GET"]}}],"collection":[{"href":"https:\/\/elinformante.mx\/index.php?rest_route=\/wp\/v2\/posts"}],"about":[{"href":"https:\/\/elinformante.mx\/index.php?rest_route=\/wp\/v2\/types\/post"}],"author":[{"embeddable":true,"href":"https:\/\/elinformante.mx\/index.php?rest_route=\/wp\/v2\/users\/1"}],"replies":[{"embeddable":true,"href":"https:\/\/elinformante.mx\/index.php?rest_route=%2Fwp%2Fv2%2Fcomments&post=53184"}],"version-history":[{"count":0,"href":"https:\/\/elinformante.mx\/index.php?rest_route=\/wp\/v2\/posts\/53184\/revisions"}],"wp:featuredmedia":[{"embeddable":true,"href":"https:\/\/elinformante.mx\/index.php?rest_route=\/wp\/v2\/media\/53185"}],"wp:attachment":[{"href":"https:\/\/elinformante.mx\/index.php?rest_route=%2Fwp%2Fv2%2Fmedia&parent=53184"}],"wp:term":[{"taxonomy":"category","embeddable":true,"href":"https:\/\/elinformante.mx\/index.php?rest_route=%2Fwp%2Fv2%2Fcategories&post=53184"},{"taxonomy":"post_tag","embeddable":true,"href":"https:\/\/elinformante.mx\/index.php?rest_route=%2Fwp%2Fv2%2Ftags&post=53184"}],"curies":[{"name":"wp","href":"https:\/\/api.w.org\/{rel}","templated":true}]}}