{"id":53191,"date":"2024-04-30T16:39:56","date_gmt":"2024-04-30T22:39:56","guid":{"rendered":"https:\/\/elinformante.mx\/?p=53191"},"modified":"2024-04-30T16:39:56","modified_gmt":"2024-04-30T22:39:56","slug":"se-activa-contigencia-ambiental-en-el-valle-de-mexico","status":"publish","type":"post","link":"https:\/\/elinformante.mx\/?p=53191","title":{"rendered":"SE ACTIVA CONTIGENCIA AMBIENTAL EN EL VALLE DE M\u00c9XICO"},"content":{"rendered":"<div class=\"\" data-block=\"true\" data-editor=\"82irj\" data-offset-key=\"6edpc-0-0\">\n<div class=\"_1mf _1mj\" data-offset-key=\"6edpc-0-0\"><span data-offset-key=\"fdkku-0-0\">La <span class=\"css-1qaijid r-bcqeeo r-qvutc0 r-poiln3\">Comisi\u00f3n Ambiental de la Megal\u00f3polis (CAMe<\/span><span class=\"css-1qaijid r-bcqeeo r-qvutc0 r-poiln3\">)<\/span><\/span><span data-offset-key=\"fdkku-2-0\">\u00a0inform\u00f3 la activaci\u00f3n de <\/span><span class=\"_5zk7\" spellcheck=\"false\" data-offset-key=\"fdkku-3-0\"><span data-offset-key=\"fdkku-3-0\">#contingencia<\/span><\/span><span data-offset-key=\"fdkku-4-0\"> ambiental en la Zona Metropolitana del <\/span><span class=\"_5zk7\" spellcheck=\"false\" data-offset-key=\"fdkku-5-0\"><span data-offset-key=\"fdkku-5-0\">Valle deM\u00e9xico<\/span><\/span><span data-offset-key=\"fdkku-6-0\"> (<\/span><span class=\"_5zk7\" spellcheck=\"false\" data-offset-key=\"fdkku-7-0\"><span data-offset-key=\"fdkku-7-0\">CDMX<\/span><\/span><span data-offset-key=\"fdkku-8-0\"> y Estado de M\u00e9xico<\/span><span data-offset-key=\"fdkku-10-0\">) despu\u00e9s de que se registraran concentraciones m\u00e1ximas de ozono de 158 ppb, en la estaci\u00f3n de monitoreo de <\/span><span class=\"_5zk7\" spellcheck=\"false\" data-offset-key=\"fdkku-11-0\"><span data-offset-key=\"fdkku-11-0\">#Tlalnepantla<\/span><\/span><span data-offset-key=\"fdkku-12-0\">.<br \/><\/span>Asimismo, el organismo recomienda lo siguiente:<\/div>\n<\/div>\n<div data-offset-key=\"6edpc-0-0\">\n<ul>\n<li>Evitar hacer actividades c\u00edvicas, culturales y de recreo, as\u00ed como evitar hacer ejercicio al aire libre entre las 13:00 y 19:00 horas.<\/li>\n<li>Suspender cualquier actividad al aire libre, organizada por instituciones p\u00fablicas o privadas, en horario comprendido entre las 13:00 y las 19:00 horas.<\/li>\n<li>Se recomienda posponer los eventos al aire libre, deportivos, culturales o espect\u00e1culos masivos, programados entre las 13:00 y las 19:00 horas.<\/li>\n<li>Se recomienda no fumar, especialmente en espacios cerrados.<\/li>\n<\/ul>\n<p><strong>Adem\u00e1s, ma\u00f1ana mi\u00e9rcoles 1 de mayo, deber\u00e1n suspender su circulaci\u00f3n, en horario de las 5:00 a las 22:00 horas:<\/strong><\/p>\n<ol>\n<li>Los veh\u00edculos de uso particular con holograma de verificaci\u00f3n 2.<\/li>\n<li>Los veh\u00edculos de uso particular con holograma de verificaci\u00f3n\u00a0 1, cuyo \u00faltimo\u00a0 d\u00edgito\u00a0 num\u00e9rico sea\u00a0<strong>\u00a01, 3, 4, 5, 7 y 9.<\/strong><\/li>\n<li>Los veh\u00edculos de uso particular con holograma de verificaci\u00f3n 00 y 0,\u00a0<strong>engomado<\/strong>\u00a0<strong>rojo,<\/strong>\u00a0terminaci\u00f3n de\u00a0<strong>placa<\/strong>\u00a0<strong>\u00a03 y 4<\/strong>.<\/li>\n<li>Las unidades que no porten holograma de verificaci\u00f3n, como los veh\u00edculos antiguos, de demostraci\u00f3n o traslado, nuevos, los que tienen pase tur\u00edstico, placas for\u00e1neas o \u00a0con placas formadas por letras, les aplica la misma restricci\u00f3n que a los veh\u00edculos que portan holograma 2.<\/li>\n<li>Restricci\u00f3n a la circulaci\u00f3n del 50% de las unidades de reparto de gas L.P. a tanques\u00a0estacionarios, que no cuenten con v\u00e1lvula de desconexi\u00f3n seca, cuya terminaci\u00f3n de \u00a0matr\u00edcula sea\u00a0<strong>NON<\/strong><\/li>\n<li>Los veh\u00edculos de carga local o federal, dejan de circular entre las 6:00 y las 10:00 horas, con excepci\u00f3n de aquellos que se encuentren en el Programa de Autorregulaci\u00f3n de la CDMX o del\u00a0 EDOMEX.<\/li>\n<li>Los<strong>\u00a0taxis<\/strong>\u00a0con holograma de verificaci\u00f3n \u00a0\u201c00\u201d, \u201c0\u201d, \u201c1\u201d o \u201c2\u201d que deban dejar de circular de acuerdo a las disposiciones indicadas en los incisos\u00a0\u00a0<strong>1), 2), y 3)<\/strong>, les aplicar\u00e1 la restricci\u00f3n a la circulaci\u00f3n de las 10:00 a las 22:00 horas.<\/li>\n<\/ol>\n<p><strong>Exenciones<\/strong><\/p>\n<ul>\n<li>Veh\u00edculos el\u00e9ctricos e h\u00edbridos, adem\u00e1s, los que cuenten con matr\u00edcula ecol\u00f3gica u holograma tipo exento.<\/li>\n<li>Veh\u00edculos que porten holograma\u00a0<strong>\u201c00\u201d\u00a0<\/strong>o<strong>\u00a0\u201c0\u201d\u00a0<\/strong>vigente, cualquiera que sea su uso, sin importar la entidad federativa donde est\u00e9n matriculados, podr\u00e1n circular, si cuentan con engomado diferente al color<strong>\u00a0rojo<\/strong>\u00a0y terminaci\u00f3n de placa<strong>\u00a03 y 4<\/strong>.<\/li>\n<li>Veh\u00edculos de uso particular destinados en circunstancias manifiestas y urgentes, para atender una emergencia m\u00e9dica.<\/li>\n<li>Los taxis pueden circular de 5:00 a las 10:00 horas los d\u00edas que tengan restricci\u00f3n por Programa Hoy No Circula, independientemente del holograma que porten, con la finalidad de apoyar la movilidad de la poblaci\u00f3n<\/li>\n<li><strong>Veh\u00edculos de servicios urbanos<\/strong>, destinados a prestar servicios de emergencia, emergencias m\u00e9dicas, salud, seguridad p\u00fablica, bomberos, rescate, protecci\u00f3n civil, de vigilancia ambiental y abastecimiento de agua.<\/li>\n<li>Veh\u00edculos de transporte escolar y de personal, que cumplan con las especificaciones de verificaci\u00f3n vehicular vigentes y cuenten con el holograma y autorizaci\u00f3n correspondiente.<\/li>\n<li>Veh\u00edculos destinados a cortejos f\u00fanebres y transporte de servicios funerarios, que cuenten con holograma de verificaci\u00f3n vigente.<\/li>\n<li>Veh\u00edculos para personas con discapacidad que cuenten con el Permiso para exentar el Hoy No Circula por Discapacidad, el Holograma de Discapacidad, o placa para personas con discapacidad seg\u00fan la entidad que corresponda.<\/li>\n<li>Transporte de residuos y materiales peligrosos que cuenten con la autorizaci\u00f3n correspondiente, excepto veh\u00edculos que transporten combustibles (gasolina, di\u00e9sel y gas L.P.).<\/li>\n<li>Los veh\u00edculos identificados con tarjeta de circulaci\u00f3n de servicio p\u00fablico de pasajeros y turismo (vagonetas, microbuses y autobuses) con placa federal o local, que cumplan con las disposiciones de verificaci\u00f3n vigentes.<\/li>\n<li>Los veh\u00edculos que transportan mercanc\u00edas o productos perecederos en unidades con sistemas de refrigeraci\u00f3n, as\u00ed como las unidades revolvedoras de concreto.<\/li>\n<li>Las motocicletas est\u00e1n exentas de la Fase I<\/li>\n<\/ul>\n<\/div>\n","protected":false},"excerpt":{"rendered":"<p>La Comisi\u00f3n Ambiental de la Megal\u00f3polis (CAMe)\u00a0inform\u00f3 la activaci\u00f3n de #contingencia ambiental en la Zona Metropolitana del Valle deM\u00e9xico (CDMX y Estado de M\u00e9xico) despu\u00e9s de que se registraran concentraciones m\u00e1ximas de ozono de 158 ppb, en la estaci\u00f3n de monitoreo de #Tlalnepantla.Asimismo, el organismo recomienda lo siguiente: Evitar hacer actividades c\u00edvicas, culturales y de [&hellip;]<\/p>\n","protected":false},"author":2,"featured_media":53193,"comment_status":"closed","ping_status":"closed","sticky":false,"template":"","format":"standard","meta":{"footnotes":""},"categories":[35,36],"tags":[],"class_list":["post-53191","post","type-post","status-publish","format-standard","has-post-thumbnail","hentry","category-cdmx","category-edomex"],"_links":{"self":[{"href":"https:\/\/elinformante.mx\/index.php?rest_route=\/wp\/v2\/posts\/53191","targetHints":{"allow":["GET"]}}],"collection":[{"href":"https:\/\/elinformante.mx\/index.php?rest_route=\/wp\/v2\/posts"}],"about":[{"href":"https:\/\/elinformante.mx\/index.php?rest_route=\/wp\/v2\/types\/post"}],"author":[{"embeddable":true,"href":"https:\/\/elinformante.mx\/index.php?rest_route=\/wp\/v2\/users\/2"}],"replies":[{"embeddable":true,"href":"https:\/\/elinformante.mx\/index.php?rest_route=%2Fwp%2Fv2%2Fcomments&post=53191"}],"version-history":[{"count":0,"href":"https:\/\/elinformante.mx\/index.php?rest_route=\/wp\/v2\/posts\/53191\/revisions"}],"wp:featuredmedia":[{"embeddable":true,"href":"https:\/\/elinformante.mx\/index.php?rest_route=\/wp\/v2\/media\/53193"}],"wp:attachment":[{"href":"https:\/\/elinformante.mx\/index.php?rest_route=%2Fwp%2Fv2%2Fmedia&parent=53191"}],"wp:term":[{"taxonomy":"category","embeddable":true,"href":"https:\/\/elinformante.mx\/index.php?rest_route=%2Fwp%2Fv2%2Fcategories&post=53191"},{"taxonomy":"post_tag","embeddable":true,"href":"https:\/\/elinformante.mx\/index.php?rest_route=%2Fwp%2Fv2%2Ftags&post=53191"}],"curies":[{"name":"wp","href":"https:\/\/api.w.org\/{rel}","templated":true}]}}