{"id":53305,"date":"2024-05-03T04:54:59","date_gmt":"2024-05-03T10:54:59","guid":{"rendered":"https:\/\/elinformante.mx\/?p=53305"},"modified":"2024-05-03T06:41:54","modified_gmt":"2024-05-03T12:41:54","slug":"significativos-avances-en-materia-de-justicia-del-fiscal-general","status":"publish","type":"post","link":"https:\/\/elinformante.mx\/?p=53305","title":{"rendered":"Significativos avances  y resultados del Fiscal General"},"content":{"rendered":"\n<blockquote class=\"wp-block-quote is-layout-flow wp-block-quote-is-layout-flow\">\n<p>El Fiscal General Jos\u00e9 Luis Cervantes entrega a la legislatura su segundo informe, en el cual destaca resultados importantes en el combate a la\u00a0delincuencia.<\/p>\n<\/blockquote>\n\n\n\n<p>El titular de la Fiscal\u00eda General de Justicia del Estado de M\u00e9xico(FGJEM), Jos\u00e9 Luis Cervantes, hizo entrega del Segundo Informe de Gesti\u00f3n a la LXI Legislatura mexiquense y a la titular del Ejecutivo Estatal, esto para dar cumplimiento a los art\u00edculos 83 Ter, p\u00e1rrafo octavo de la Constituci\u00f3n Pol\u00edtica del Estado Libre y Soberano de M\u00e9xico, 25 fracci\u00f3n IV y 27 de la Ley de la Fiscal\u00eda mexiquense.<br><\/p>\n\n\n\n<figure class=\"wp-block-image size-large\"><img fetchpriority=\"high\" decoding=\"async\" width=\"1024\" height=\"503\" src=\"https:\/\/elinformante.mx\/wp-content\/uploads\/2024\/05\/entrega-2-1024x503.jpg\" alt=\"\" class=\"wp-image-53307\" srcset=\"https:\/\/elinformante.mx\/wp-content\/uploads\/2024\/05\/entrega-2-1024x503.jpg 1024w, https:\/\/elinformante.mx\/wp-content\/uploads\/2024\/05\/entrega-2-300x147.jpg 300w, https:\/\/elinformante.mx\/wp-content\/uploads\/2024\/05\/entrega-2-768x377.jpg 768w, https:\/\/elinformante.mx\/wp-content\/uploads\/2024\/05\/entrega-2-580x285.jpg 580w, https:\/\/elinformante.mx\/wp-content\/uploads\/2024\/05\/entrega-2-860x422.jpg 860w, https:\/\/elinformante.mx\/wp-content\/uploads\/2024\/05\/entrega-2.jpg 1140w\" sizes=\"(max-width: 1024px) 100vw, 1024px\" \/><\/figure>\n\n\n\n<p>El Informe de labores da cuenta de las acciones operativas realizadas en la Fiscal\u00eda General de Justicia estatal, del periodo que comprende de abril del 2023 a marzo del 2024. La forma en que se ha trabajado de manera conjunta con autoridades de los tres \u00f3rdenes de gobierno para dar m\u00e1s y mejores resultados.<br><\/p>\n\n\n\n<p>\u201cBuscamos consolidar una Instituci\u00f3n que escuche, atienda y d\u00e9 respuesta a las exigencias de quienes han sido v\u00edctimas de alg\u00fan delito\u201d, expone Jos\u00e9 Luis Cervantes, el Fiscal General de Justicia del Estado de M\u00e9xico, dentro de su Segundo Informe de Gesti\u00f3n.<br><\/p>\n\n\n\n<figure class=\"wp-block-image size-large\"><img decoding=\"async\" width=\"1024\" height=\"503\" src=\"https:\/\/elinformante.mx\/wp-content\/uploads\/2024\/05\/entrega-4-1024x503.jpg\" alt=\"\" class=\"wp-image-53308\" srcset=\"https:\/\/elinformante.mx\/wp-content\/uploads\/2024\/05\/entrega-4-1024x503.jpg 1024w, https:\/\/elinformante.mx\/wp-content\/uploads\/2024\/05\/entrega-4-300x147.jpg 300w, https:\/\/elinformante.mx\/wp-content\/uploads\/2024\/05\/entrega-4-768x377.jpg 768w, https:\/\/elinformante.mx\/wp-content\/uploads\/2024\/05\/entrega-4-580x285.jpg 580w, https:\/\/elinformante.mx\/wp-content\/uploads\/2024\/05\/entrega-4-860x422.jpg 860w, https:\/\/elinformante.mx\/wp-content\/uploads\/2024\/05\/entrega-4.jpg 1140w\" sizes=\"(max-width: 1024px) 100vw, 1024px\" \/><\/figure>\n\n\n\n<p>El documento, que consta de siete cap\u00edtulos, de igual forma, registra resultados obtenidos en la persecuci\u00f3n de los delitos de alto impacto, aquellos que m\u00e1s laceran a la sociedad, adem\u00e1s presenta, dada su importancia, un panorama sobre los delitos vinculados a la violencia de g\u00e9nero, como el feminicidio, trata de persona y desaparici\u00f3n.<br><\/p>\n\n\n\n<p>Adem\u00e1s, incluye un apartado relacionado con la atenci\u00f3n que se ha brindado a los delitos de maltrato animal y los que atentan contra el h\u00e1bitat, ya que estos il\u00edcitos representan factores encaminados a la violencia social que afecta a la ciudadan\u00eda.<br><\/p>\n\n\n\n<figure class=\"wp-block-image size-large\"><img decoding=\"async\" width=\"1024\" height=\"503\" src=\"https:\/\/elinformante.mx\/wp-content\/uploads\/2024\/05\/entrega-5-1024x503.jpg\" alt=\"\" class=\"wp-image-53309\" srcset=\"https:\/\/elinformante.mx\/wp-content\/uploads\/2024\/05\/entrega-5-1024x503.jpg 1024w, https:\/\/elinformante.mx\/wp-content\/uploads\/2024\/05\/entrega-5-300x147.jpg 300w, https:\/\/elinformante.mx\/wp-content\/uploads\/2024\/05\/entrega-5-768x377.jpg 768w, https:\/\/elinformante.mx\/wp-content\/uploads\/2024\/05\/entrega-5-580x285.jpg 580w, https:\/\/elinformante.mx\/wp-content\/uploads\/2024\/05\/entrega-5-860x422.jpg 860w, https:\/\/elinformante.mx\/wp-content\/uploads\/2024\/05\/entrega-5.jpg 1140w\" sizes=\"(max-width: 1024px) 100vw, 1024px\" \/><\/figure>\n\n\n\n<p>Con la convicci\u00f3n de que llevar a cabo las funciones de la Fiscal\u00eda requiere de fortalecer el esp\u00edritu de servicio y de pertenencia institucional de sus servidores p\u00fablicos, este documento da cuenta de las acciones para incentivar la calidad en la atenci\u00f3n a la ciudadan\u00eda, mejoras en las instalaciones, equipamiento e imagen renovada de las y los servidores p\u00fablicos.<br><\/p>\n\n\n\n<p>\u201cNuestra \u00fanica tarea es que el Estado de Derecho prevalezca en cada rinc\u00f3n de nuestra entidad. Actuamos con firmeza y convicci\u00f3n\u201d, finaliz\u00f3.<\/p>\n\n\n\n<figure class=\"wp-block-image size-large\"><img loading=\"lazy\" decoding=\"async\" width=\"1024\" height=\"503\" src=\"https:\/\/elinformante.mx\/wp-content\/uploads\/2024\/05\/entrega-1024x503.jpg\" alt=\"\" class=\"wp-image-53310\" srcset=\"https:\/\/elinformante.mx\/wp-content\/uploads\/2024\/05\/entrega-1024x503.jpg 1024w, https:\/\/elinformante.mx\/wp-content\/uploads\/2024\/05\/entrega-300x147.jpg 300w, https:\/\/elinformante.mx\/wp-content\/uploads\/2024\/05\/entrega-768x377.jpg 768w, https:\/\/elinformante.mx\/wp-content\/uploads\/2024\/05\/entrega-580x285.jpg 580w, https:\/\/elinformante.mx\/wp-content\/uploads\/2024\/05\/entrega-860x422.jpg 860w, https:\/\/elinformante.mx\/wp-content\/uploads\/2024\/05\/entrega.jpg 1140w\" sizes=\"(max-width: 1024px) 100vw, 1024px\" \/><\/figure>\n","protected":false},"excerpt":{"rendered":"<p>El Fiscal General Jos\u00e9 Luis Cervantes entrega a la legislatura su segundo informe, en el cual destaca resultados importantes en el combate a la\u00a0delincuencia. El titular de la Fiscal\u00eda General de Justicia del Estado de M\u00e9xico(FGJEM), Jos\u00e9 Luis Cervantes, hizo entrega del Segundo Informe de Gesti\u00f3n a la LXI Legislatura mexiquense y a la titular [&hellip;]<\/p>\n","protected":false},"author":1,"featured_media":53306,"comment_status":"closed","ping_status":"closed","sticky":false,"template":"","format":"standard","meta":{"footnotes":""},"categories":[30,36,31],"tags":[],"class_list":["post-53305","post","type-post","status-publish","format-standard","has-post-thumbnail","hentry","category-destacado","category-edomex","category-portada"],"_links":{"self":[{"href":"https:\/\/elinformante.mx\/index.php?rest_route=\/wp\/v2\/posts\/53305","targetHints":{"allow":["GET"]}}],"collection":[{"href":"https:\/\/elinformante.mx\/index.php?rest_route=\/wp\/v2\/posts"}],"about":[{"href":"https:\/\/elinformante.mx\/index.php?rest_route=\/wp\/v2\/types\/post"}],"author":[{"embeddable":true,"href":"https:\/\/elinformante.mx\/index.php?rest_route=\/wp\/v2\/users\/1"}],"replies":[{"embeddable":true,"href":"https:\/\/elinformante.mx\/index.php?rest_route=%2Fwp%2Fv2%2Fcomments&post=53305"}],"version-history":[{"count":0,"href":"https:\/\/elinformante.mx\/index.php?rest_route=\/wp\/v2\/posts\/53305\/revisions"}],"wp:featuredmedia":[{"embeddable":true,"href":"https:\/\/elinformante.mx\/index.php?rest_route=\/wp\/v2\/media\/53306"}],"wp:attachment":[{"href":"https:\/\/elinformante.mx\/index.php?rest_route=%2Fwp%2Fv2%2Fmedia&parent=53305"}],"wp:term":[{"taxonomy":"category","embeddable":true,"href":"https:\/\/elinformante.mx\/index.php?rest_route=%2Fwp%2Fv2%2Fcategories&post=53305"},{"taxonomy":"post_tag","embeddable":true,"href":"https:\/\/elinformante.mx\/index.php?rest_route=%2Fwp%2Fv2%2Ftags&post=53305"}],"curies":[{"name":"wp","href":"https:\/\/api.w.org\/{rel}","templated":true}]}}