{"id":53316,"date":"2024-05-03T04:59:46","date_gmt":"2024-05-03T10:59:46","guid":{"rendered":"https:\/\/elinformante.mx\/?p=53316"},"modified":"2024-05-03T04:59:47","modified_gmt":"2024-05-03T10:59:47","slug":"fifaliana-documental-que-evidencia-la-dificil-situacion-que-viven-las-mujeres-marginadas-en-africa","status":"publish","type":"post","link":"https:\/\/elinformante.mx\/?p=53316","title":{"rendered":"\u201cFifaliana\u201d, documental que evidencia la dif\u00edcil situaci\u00f3n que viven las mujeres marginadas en \u00c1frica"},"content":{"rendered":"\n<blockquote class=\"wp-block-quote is-layout-flow wp-block-quote-is-layout-flow\">\n<p>El material dirigido por Lorenzo Hagerman ya est\u00e1 disponible en cines comerciales y desde este viernes en Cineteca Nacional y salas alternativas.<\/p>\n<\/blockquote>\n\n\n\n<p>El retrato de Zaevo, de 16 a\u00f1os, es un recuento de rechazo; nadie la quiere y ni siquiera puede tocar a alguien de su familia porque de inmediato es rechazada.<br><\/p>\n\n\n\n<p>La raz\u00f3n es que debido a una herida interna, producto de un parto fallido, tiene incontinencia permanente despidiendo con ella un aroma especial, pero el d\u00eda que unos m\u00e9dicos altruistas llegan a su pueblo, en \u00c1frica, tiene la esperanza de saber qu\u00e9 es lo que tiene y, sobre todo, ser curada.<br><\/p>\n\n\n\n<p>Zaevo, su relato, su historia, forma parte del documental \u201cFifaliana\u201d, dirigida por Lorenzo Hagerman.<br><\/p>\n\n\n\n<p>\u201cLo que tiene ella es una f\u00edstula obst\u00e9trica, un s\u00edntoma de pa\u00edses que no tienen servicios de salud y en donde una mujer embarazada no tiene acceso a un ultrasonido y consultas durante su proceso\u201d, comenta el realizador.<br><\/p>\n\n\n\n<p>\u201cLa obstrucci\u00f3n causa incontinencia permanente y son expulsadas de su familia, de la sociedad, marginadas, y vienen a escondidas siempre entre mercados para disimular el olor\u201d, a\u00f1ade.<br><\/p>\n\n\n\n<figure class=\"wp-block-image size-large\"><img fetchpriority=\"high\" decoding=\"async\" width=\"1024\" height=\"503\" src=\"https:\/\/elinformante.mx\/wp-content\/uploads\/2024\/05\/15FIFALIANA-2-1024x503.jpg\" alt=\"\" class=\"wp-image-53318\" srcset=\"https:\/\/elinformante.mx\/wp-content\/uploads\/2024\/05\/15FIFALIANA-2-1024x503.jpg 1024w, https:\/\/elinformante.mx\/wp-content\/uploads\/2024\/05\/15FIFALIANA-2-300x147.jpg 300w, https:\/\/elinformante.mx\/wp-content\/uploads\/2024\/05\/15FIFALIANA-2-768x377.jpg 768w, https:\/\/elinformante.mx\/wp-content\/uploads\/2024\/05\/15FIFALIANA-2-580x285.jpg 580w, https:\/\/elinformante.mx\/wp-content\/uploads\/2024\/05\/15FIFALIANA-2-860x422.jpg 860w, https:\/\/elinformante.mx\/wp-content\/uploads\/2024\/05\/15FIFALIANA-2.jpg 1140w\" sizes=\"(max-width: 1024px) 100vw, 1024px\" \/><\/figure>\n\n\n\n<p>Se estima que en el mundo hay cerca de 3 millones de mujeres con ese padecimiento, en pa\u00edses como Madagascar y Mozambique, donde se rod\u00f3 el largometraje. Y en donde son doctores que se pagan todo, los que la ayudan.<br><\/p>\n\n\n\n<p>Una de las capas que tiene la pel\u00edcula, dice Hagerman, era retratar lo que significa ser m\u00e9dico.<br><\/p>\n\n\n\n<p>\u201cEra meterme al interior de esto; todos los m\u00e9dicos que aparecen son de alto nivel, trabajan en los mejores hospitales de donde vienen (como Espa\u00f1a, Argentina y M\u00e9xico) y est\u00e1n ah\u00ed por voluntad propia, pag\u00e1ndose sus propios boletos de avi\u00f3n, ocupando sus tiempos de vacaciones para ir a estas misiones m\u00e9dicas.<br><\/p>\n\n\n\n<p>\u201cLas enfermeras que van en las mismas condiciones, son las que juntan el material m\u00e9dico, pidiendo donativos a hospitales y juntan maletas de material m\u00e9dico para poder hacer la labor\u201d, detalla.<br><\/p>\n\n\n\n<p>\u201cFifaliana\u201d tuvo su g\u00e9nesis inici\u00f3 cuando la cu\u00f1ada de Lorenzo, quien era ginec\u00f3loga, falleci\u00f3 durante su primera misi\u00f3n sin causas atribuibles a esta.<br><\/p>\n\n\n\n<p>\u201cLa pregunta que me hago es qu\u00e9 hace mi cu\u00f1ada y mi hermano en \u00c1frica y bast\u00f3 rascarle muy poquito para ver el reto humanitario que esto (las misiones) significaba, es dif\u00edcil darte la vuelta, olvidarlo e ignorarlo. Lo que pod\u00eda hacer, entonces, era un documental para abrir esto para que occidente voltee a ver lo que sucede, algo que s\u00f3lo est\u00e1 consciente en pocas personas\u201d, apunta.<\/p>\n","protected":false},"excerpt":{"rendered":"<p>El material dirigido por Lorenzo Hagerman ya est\u00e1 disponible en cines comerciales y desde este viernes en Cineteca Nacional y salas alternativas. El retrato de Zaevo, de 16 a\u00f1os, es un recuento de rechazo; nadie la quiere y ni siquiera puede tocar a alguien de su familia porque de inmediato es rechazada. La raz\u00f3n es [&hellip;]<\/p>\n","protected":false},"author":1,"featured_media":53317,"comment_status":"closed","ping_status":"closed","sticky":false,"template":"","format":"standard","meta":{"footnotes":""},"categories":[39],"tags":[],"class_list":["post-53316","post","type-post","status-publish","format-standard","has-post-thumbnail","hentry","category-espectaculos"],"_links":{"self":[{"href":"https:\/\/elinformante.mx\/index.php?rest_route=\/wp\/v2\/posts\/53316","targetHints":{"allow":["GET"]}}],"collection":[{"href":"https:\/\/elinformante.mx\/index.php?rest_route=\/wp\/v2\/posts"}],"about":[{"href":"https:\/\/elinformante.mx\/index.php?rest_route=\/wp\/v2\/types\/post"}],"author":[{"embeddable":true,"href":"https:\/\/elinformante.mx\/index.php?rest_route=\/wp\/v2\/users\/1"}],"replies":[{"embeddable":true,"href":"https:\/\/elinformante.mx\/index.php?rest_route=%2Fwp%2Fv2%2Fcomments&post=53316"}],"version-history":[{"count":0,"href":"https:\/\/elinformante.mx\/index.php?rest_route=\/wp\/v2\/posts\/53316\/revisions"}],"wp:featuredmedia":[{"embeddable":true,"href":"https:\/\/elinformante.mx\/index.php?rest_route=\/wp\/v2\/media\/53317"}],"wp:attachment":[{"href":"https:\/\/elinformante.mx\/index.php?rest_route=%2Fwp%2Fv2%2Fmedia&parent=53316"}],"wp:term":[{"taxonomy":"category","embeddable":true,"href":"https:\/\/elinformante.mx\/index.php?rest_route=%2Fwp%2Fv2%2Fcategories&post=53316"},{"taxonomy":"post_tag","embeddable":true,"href":"https:\/\/elinformante.mx\/index.php?rest_route=%2Fwp%2Fv2%2Ftags&post=53316"}],"curies":[{"name":"wp","href":"https:\/\/api.w.org\/{rel}","templated":true}]}}