{"id":53338,"date":"2024-05-03T05:13:56","date_gmt":"2024-05-03T11:13:56","guid":{"rendered":"https:\/\/elinformante.mx\/?p=53338"},"modified":"2024-05-03T05:13:57","modified_gmt":"2024-05-03T11:13:57","slug":"detiene-fiscalia-edomex-a-ken-de-omar-n-investigado-por-delitos-contra-la-salud","status":"publish","type":"post","link":"https:\/\/elinformante.mx\/?p=53338","title":{"rendered":"Detiene Fiscal\u00eda Edom\u00e9x a Ken de Omar \u201cN\u201d, investigado por delitos contra la salud"},"content":{"rendered":"\n<blockquote class=\"wp-block-quote is-layout-flow wp-block-quote-is-layout-flow\">\n<p>En agosto del a\u00f1o pasado fue sentenciado a 6 a\u00f1os de prisi\u00f3n por el il\u00edcito de homicidio simple y a petici\u00f3n de su defensa, el \u00d3rgano Jurisdiccional le concedi\u00f3 sustitutivo de pena de prisi\u00f3n, por libertad condicionada con el uso de localizador electr\u00f3nico.<\/p>\n<\/blockquote>\n\n\n\n<p>Elementos de la Fiscal\u00eda General de Justicia del Estado de M\u00e9xico (FGJEM) detuvieron a Ken de Omar \u201cN\u201d por su probable intervenci\u00f3n en delitos contra la salud. Esta tarde fue ingresado al penal de Cuautitl\u00e1n donde la Autoridad Judicial determinar\u00e1 su situaci\u00f3n legal.<br><\/p>\n\n\n\n<p>El investigado contaba con sustitutivo penal de libertad condicionada bajo la modalidad de supervisi\u00f3n de monitoreo electr\u00f3nico, toda vez que el d\u00eda 11 de agosto de 2023, un Juez dict\u00f3 sentencia de condena en su contra de 6 a\u00f1os de prisi\u00f3n, por su intervenci\u00f3n en el delito de homicidio simple por hechos registrados el 24 de diciembre de 2022 cuando al conducir su veh\u00edculo atropell\u00f3 y caus\u00f3 la muerte a una persona de iniciales J.C.M dedicada a la venta de tamales.<br><\/p>\n\n\n\n<p>En relaci\u00f3n con lo anterior, la Fiscal\u00eda del Estado de M\u00e9xico informa que Ken de Omar \u201cN\u201d en audiencia de celebrada el 26 de septiembre de 2023, y una vez que el sentenciado dio cumplimiento a los requisitos establecidos en la Ley, y el tiempo que estuvo interno, el \u00d3rgano Jurisdiccional concedi\u00f3 el sustitutivo penal de prisi\u00f3n por libertad condicionada al sistema de localizaci\u00f3n y rastreo, brazalete electr\u00f3nico.<br><\/p>\n\n\n\n<p>Respecto a los hechos por los que fue detenido, el pasado 30 de abril, elementos de la Fiscal\u00eda realizaron un despliegue operativo para inhibir delitos durante el cual realizaron una revisi\u00f3n a un veh\u00edculo marca Mini Cooper color verde a bordo del que viajaban Ken de Omar \u201cN\u201d de 35 a\u00f1os y Yair Seraf\u00edn \u201cN\u201d de 22 a\u00f1os, durante la acci\u00f3n los Polic\u00edas de Investigaci\u00f3n localizaron al interior de la unidad envoltorios y bolsas conteniendo al parecer narc\u00f3ticos.<br><\/p>\n\n\n\n<p>Adem\u00e1s al momento del operativo, Ken de Omar \u201cN\u201d portaba el dispositivo brazalete electr\u00f3nico, el cual presentaba una envoltura de aluminio aparentemente con la intenci\u00f3n de manipular su se\u00f1al.<br><\/p>\n\n\n\n<p>Esta tarde el probable implicado fue ingresado al Centro Penitenciario y de Reinserci\u00f3n Social de Cuautitl\u00e1n y presentado ante la Autoridad Judicial quien determinar\u00e1 su situaci\u00f3n legal.<br><\/p>\n\n\n\n<p>Cabe se\u00f1alar que una condici\u00f3n para mantener este beneficio de libertad condicionada es no incurrir en ning\u00fan acto il\u00edcito y toda vez que el sentenciado incumpli\u00f3 las condiciones, la Fiscal\u00eda del Estado de M\u00e9xico solicitar\u00e1 al Juez deje sin efectos el mismo y ordene la ejecuci\u00f3n de la pena de prisi\u00f3n, la cual fenecer\u00eda en diciembre del 2030.<\/p>\n","protected":false},"excerpt":{"rendered":"<p>En agosto del a\u00f1o pasado fue sentenciado a 6 a\u00f1os de prisi\u00f3n por el il\u00edcito de homicidio simple y a petici\u00f3n de su defensa, el \u00d3rgano Jurisdiccional le concedi\u00f3 sustitutivo de pena de prisi\u00f3n, por libertad condicionada con el uso de localizador electr\u00f3nico. Elementos de la Fiscal\u00eda General de Justicia del Estado de M\u00e9xico (FGJEM) [&hellip;]<\/p>\n","protected":false},"author":1,"featured_media":53339,"comment_status":"closed","ping_status":"closed","sticky":false,"template":"","format":"standard","meta":{"footnotes":""},"categories":[30,36,37],"tags":[],"class_list":["post-53338","post","type-post","status-publish","format-standard","has-post-thumbnail","hentry","category-destacado","category-edomex","category-justicia"],"_links":{"self":[{"href":"https:\/\/elinformante.mx\/index.php?rest_route=\/wp\/v2\/posts\/53338","targetHints":{"allow":["GET"]}}],"collection":[{"href":"https:\/\/elinformante.mx\/index.php?rest_route=\/wp\/v2\/posts"}],"about":[{"href":"https:\/\/elinformante.mx\/index.php?rest_route=\/wp\/v2\/types\/post"}],"author":[{"embeddable":true,"href":"https:\/\/elinformante.mx\/index.php?rest_route=\/wp\/v2\/users\/1"}],"replies":[{"embeddable":true,"href":"https:\/\/elinformante.mx\/index.php?rest_route=%2Fwp%2Fv2%2Fcomments&post=53338"}],"version-history":[{"count":0,"href":"https:\/\/elinformante.mx\/index.php?rest_route=\/wp\/v2\/posts\/53338\/revisions"}],"wp:featuredmedia":[{"embeddable":true,"href":"https:\/\/elinformante.mx\/index.php?rest_route=\/wp\/v2\/media\/53339"}],"wp:attachment":[{"href":"https:\/\/elinformante.mx\/index.php?rest_route=%2Fwp%2Fv2%2Fmedia&parent=53338"}],"wp:term":[{"taxonomy":"category","embeddable":true,"href":"https:\/\/elinformante.mx\/index.php?rest_route=%2Fwp%2Fv2%2Fcategories&post=53338"},{"taxonomy":"post_tag","embeddable":true,"href":"https:\/\/elinformante.mx\/index.php?rest_route=%2Fwp%2Fv2%2Ftags&post=53338"}],"curies":[{"name":"wp","href":"https:\/\/api.w.org\/{rel}","templated":true}]}}