{"id":53344,"date":"2024-05-03T05:30:51","date_gmt":"2024-05-03T11:30:51","guid":{"rendered":"https:\/\/elinformante.mx\/?p=53344"},"modified":"2024-05-03T05:30:52","modified_gmt":"2024-05-03T11:30:52","slug":"informa-sedeco-que-avanzan-consultas-con-sectores-social-empresarial-y-academico","status":"publish","type":"post","link":"https:\/\/elinformante.mx\/?p=53344","title":{"rendered":"Informa Sedeco que avanzan consultas con sectores social, empresarial y acad\u00e9mico"},"content":{"rendered":"\n<blockquote class=\"wp-block-quote is-layout-flow wp-block-quote-is-layout-flow\">\n<p>Se trabaja para simplificar y facilitar tr\u00e1mites, as\u00ed como servicios estatales; se implementa mecanismo precautorio en verificaciones sanitarias en el Estado de M\u00e9xico.<\/p>\n<\/blockquote>\n\n\n\n<p>El Gobierno del Estado de M\u00e9xico en conjunto con organizaciones ciudadanas impulsan la transformaci\u00f3n digital de tr\u00e1mites y servicios en la entidad.<br><\/p>\n\n\n\n<p>La apertura r\u00e1pida de empresas es un tema planteado por las organizaciones del sector productivo del Estado de M\u00e9xico para incentivar la inversi\u00f3n nacional y extranjera, por lo que se llevan a cabo mesas de di\u00e1logo con el Grupo de Trabajo del Consejo Estatal de Mejora Regulatoria.<br><\/p>\n\n\n\n<p>Por ello, la titular de la Secretar\u00eda de Desarrollo Econ\u00f3mico (Sedeco), Laura Gonz\u00e1lez Hern\u00e1ndez, y la titular de la Secretar\u00eda de Salud del Estado de M\u00e9xico, Macarena Montoya Olvera, se reunieron con representantes del sector empresarial, as\u00ed como de diferentes C\u00e1maras, para tratar temas relacionados con las verificaciones, normatividad, requisitos y tiempo de respuesta de los tr\u00e1mites y servicios que proporciona el Gobierno del Estado de M\u00e9xico y que son solicitados con mayor frecuencia.<br><\/p>\n\n\n\n<p>En dicha mesa de di\u00e1logo que fue productiva para ambas partes, se logr\u00f3 buscar un mecanismo para implementar un plazo de tiempo despu\u00e9s de una verificaci\u00f3n, para que los representantes de las unidades econ\u00f3micas asentadas en territorio mexiquense no sean sancionados de inmediato siempre y cuando no exista un riesgo para la salud.<br><\/p>\n\n\n\n<p>Tambi\u00e9n, los sectores mostraron su preocupaci\u00f3n ante la proliferaci\u00f3n de la informalidad en diferentes municipios mexiquenses, problema que ser\u00e1 atendido y de esta manera disminuya.<br><\/p>\n\n\n\n<figure class=\"wp-block-image size-large\"><img fetchpriority=\"high\" decoding=\"async\" width=\"1024\" height=\"503\" src=\"https:\/\/elinformante.mx\/wp-content\/uploads\/2024\/05\/12.2SEDECO-1024x503.jpg\" alt=\"\" class=\"wp-image-53346\" srcset=\"https:\/\/elinformante.mx\/wp-content\/uploads\/2024\/05\/12.2SEDECO-1024x503.jpg 1024w, https:\/\/elinformante.mx\/wp-content\/uploads\/2024\/05\/12.2SEDECO-300x147.jpg 300w, https:\/\/elinformante.mx\/wp-content\/uploads\/2024\/05\/12.2SEDECO-768x377.jpg 768w, https:\/\/elinformante.mx\/wp-content\/uploads\/2024\/05\/12.2SEDECO-580x285.jpg 580w, https:\/\/elinformante.mx\/wp-content\/uploads\/2024\/05\/12.2SEDECO-860x422.jpg 860w, https:\/\/elinformante.mx\/wp-content\/uploads\/2024\/05\/12.2SEDECO.jpg 1140w\" sizes=\"(max-width: 1024px) 100vw, 1024px\" \/><\/figure>\n\n\n\n<p>Adem\u00e1s, surgieron propuestas de este grupo que tendr\u00e1n como objetivo facilitar tr\u00e1mites, evitando la discrecionalidad de las personas servidoras p\u00fablicas en dichos procesos, as\u00ed como la sobre regulaci\u00f3n y la corrupci\u00f3n.<br><\/p>\n\n\n\n<p>A trav\u00e9s de la participaci\u00f3n directa de los organismos empresariales, patronales de la industria, as\u00ed como de la sociedad civil organizada, tambi\u00e9n se busca contar con nuevas regulaciones para la apertura r\u00e1pida de unidades econ\u00f3micas e incluir\u00e1 aspectos de vanguardia para la regulaci\u00f3n de temas como: apertura de empresas de medio, alto y bajo impacto, verificaciones, sanciones y medidas de seguridad, entre otros.<br><\/p>\n\n\n\n<p>La digitalizaci\u00f3n de tr\u00e1mites y servicios como una soluci\u00f3n clave para acortar la brecha tecnol\u00f3gica en el Estado de M\u00e9xico es otro de los temas que han encontrado eco entre autoridades estatales y el sector empresarial, ya que al migrar los procesos gubernamentales a plataformas digitales se eliminan barreras geogr\u00e1ficas y econ\u00f3micas facilitando el acceso de los ciudadanos a los servicios p\u00fablicos.<br><\/p>\n\n\n\n<p>En su intervenci\u00f3n, la Doctora Macarena Montoya Olvera destac\u00f3 los criterios generales para realizar visitas de regulaci\u00f3n y control sanitario, as\u00ed como las acciones preventivas que se llevan a cabo para normar las condiciones sanitarias en establecimientos, actividades, productos y equipos que puedan representar riesgo o da\u00f1o a la salud en la poblaci\u00f3n en general.<br><\/p>\n\n\n\n<p>Entre las organizaciones que participaron en dichas mesas de di\u00e1logo est\u00e1n: la Asociaci\u00f3n Empresarial de Eventos del Estado de M\u00e9xico, el Consejo Coordinador Empresarial del Estado de M\u00e9xico, el Consejo de C\u00e1maras y Asociaciones Empresariales del Estado de M\u00e9xico, la Asociaci\u00f3n de Hoteles Tur\u00edsticos del Estado de M\u00e9xico, la C\u00e1mara Nacional de la Industria Restaurantera y de Alimentos Condimentados y la CANACO.<br><\/p>\n\n\n\n<p>Tambi\u00e9n la C\u00e1mara Nacional de Industria de Restaurantes y Alimentos Valle de Toluca, el Consejo Directivo del Colegio de Notarios del Estado de M\u00e9xico, la C\u00e1mara Mexicana de la Industria de la Construcci\u00f3n, delegaci\u00f3n Estado de M\u00e9xico, el Colegio de Abogados del Estado de M\u00e9xico, la C\u00e1mara Nacional de Autotransporte, la Confederaci\u00f3n Patronal de la Rep\u00fablica Mexicana Estado de M\u00e9xico y sus zonas Oriente y Metropolitana, el Consejo de C\u00e1maras y Asociaciones Empresariales del Estado de M\u00e9xico.<br><\/p>\n\n\n\n<p>Con la participaci\u00f3n ciudadana y empresarial, el Gobierno del Estado de M\u00e9xico y la Secretar\u00eda de Desarrollo Econ\u00f3mico pretenden contar con un marco normativo de vanguardia, acorde con las actuales necesidades de la sociedad, que promueva la simplificaci\u00f3n de tr\u00e1mites, y de esta manera agilizar la apertura y el crecimiento de las empresas.<\/p>\n","protected":false},"excerpt":{"rendered":"<p>Se trabaja para simplificar y facilitar tr\u00e1mites, as\u00ed como servicios estatales; se implementa mecanismo precautorio en verificaciones sanitarias en el Estado de M\u00e9xico. El Gobierno del Estado de M\u00e9xico en conjunto con organizaciones ciudadanas impulsan la transformaci\u00f3n digital de tr\u00e1mites y servicios en la entidad. La apertura r\u00e1pida de empresas es un tema planteado por [&hellip;]<\/p>\n","protected":false},"author":1,"featured_media":53345,"comment_status":"closed","ping_status":"closed","sticky":false,"template":"","format":"standard","meta":{"footnotes":""},"categories":[30,36],"tags":[],"class_list":["post-53344","post","type-post","status-publish","format-standard","has-post-thumbnail","hentry","category-destacado","category-edomex"],"_links":{"self":[{"href":"https:\/\/elinformante.mx\/index.php?rest_route=\/wp\/v2\/posts\/53344","targetHints":{"allow":["GET"]}}],"collection":[{"href":"https:\/\/elinformante.mx\/index.php?rest_route=\/wp\/v2\/posts"}],"about":[{"href":"https:\/\/elinformante.mx\/index.php?rest_route=\/wp\/v2\/types\/post"}],"author":[{"embeddable":true,"href":"https:\/\/elinformante.mx\/index.php?rest_route=\/wp\/v2\/users\/1"}],"replies":[{"embeddable":true,"href":"https:\/\/elinformante.mx\/index.php?rest_route=%2Fwp%2Fv2%2Fcomments&post=53344"}],"version-history":[{"count":0,"href":"https:\/\/elinformante.mx\/index.php?rest_route=\/wp\/v2\/posts\/53344\/revisions"}],"wp:featuredmedia":[{"embeddable":true,"href":"https:\/\/elinformante.mx\/index.php?rest_route=\/wp\/v2\/media\/53345"}],"wp:attachment":[{"href":"https:\/\/elinformante.mx\/index.php?rest_route=%2Fwp%2Fv2%2Fmedia&parent=53344"}],"wp:term":[{"taxonomy":"category","embeddable":true,"href":"https:\/\/elinformante.mx\/index.php?rest_route=%2Fwp%2Fv2%2Fcategories&post=53344"},{"taxonomy":"post_tag","embeddable":true,"href":"https:\/\/elinformante.mx\/index.php?rest_route=%2Fwp%2Fv2%2Ftags&post=53344"}],"curies":[{"name":"wp","href":"https:\/\/api.w.org\/{rel}","templated":true}]}}