{"id":53352,"date":"2024-05-03T05:39:35","date_gmt":"2024-05-03T11:39:35","guid":{"rendered":"https:\/\/elinformante.mx\/?p=53352"},"modified":"2024-05-03T05:39:37","modified_gmt":"2024-05-03T11:39:37","slug":"anuncia-el-rector-barrera-diaz-que-se-entregaran-14-mil-166-becas-de-apoyos-o-estimulos-a-universitarios","status":"publish","type":"post","link":"https:\/\/elinformante.mx\/?p=53352","title":{"rendered":"Anuncia el rector Barrera D\u00edaz que se entregar\u00e1n 14 mil 166 becas de apoyos o est\u00edmulos a universitarios"},"content":{"rendered":"\n<blockquote class=\"wp-block-quote is-layout-flow wp-block-quote-is-layout-flow\">\n<p>La UAEM\u00e9x reconoce contribuciones y alto desempe\u00f1o acad\u00e9mico de su estudiantado.<\/p>\n<\/blockquote>\n\n\n\n<p>Por su desempe\u00f1o acad\u00e9mico de excelencia y su invaluable contribuci\u00f3n a la investigaci\u00f3n, desarrollo cultural, art\u00edstico, deportivo y bienestar institucional, el rector de la Universidad Aut\u00f3noma del Estado de M\u00e9xico (UAEM\u00e9x), Carlos Eduardo Barrera D\u00edaz, realiz\u00f3 la entrega simb\u00f3lica de Becas, Apoyos y Est\u00edmulos Institucionales otorgados al estudiantado universitario.<br><\/p>\n\n\n\n<p>Acompa\u00f1ado del secretario de Extensi\u00f3n y Vinculaci\u00f3n, Francisco Zepeda Mondrag\u00f3n, Barrera D\u00edaz otorg\u00f3 19 de las 14 mil 166 becas, apoyos o est\u00edmulos que ofrece la UAEM\u00e9x a integrantes de la comunidad verde y oro, las cuales tienen el prop\u00f3sito de motivarles y reconocerles por su destacado desempe\u00f1o acad\u00e9mico, adem\u00e1s de ofrecerles mayores oportunidades para su mejor desarrollo estudiantil y profesional.<br><\/p>\n\n\n\n<p>El rector resalt\u00f3 que adem\u00e1s de estos incentivos, la Administraci\u00f3n Universitaria 2021-2025, ha priorizado a su comunidad estudiantil al brindarle un mejor acceso a actividades recreativas y deportivas, ya que en este a\u00f1o se lograr\u00e1 que participen m\u00e1s de 200 estudiantes en la Universiada Nacional 2024, la cual se llevar\u00e1 a cabo en el mes de mayo y tendr\u00e1 como sede a la Universidad Aut\u00f3noma de Aguascalientes.<br><\/p>\n\n\n\n<figure class=\"wp-block-image size-large\"><img fetchpriority=\"high\" decoding=\"async\" width=\"1024\" height=\"503\" src=\"https:\/\/elinformante.mx\/wp-content\/uploads\/2024\/05\/11REPTIL-1024x503.jpg\" alt=\"\" class=\"wp-image-53354\" srcset=\"https:\/\/elinformante.mx\/wp-content\/uploads\/2024\/05\/11REPTIL-1024x503.jpg 1024w, https:\/\/elinformante.mx\/wp-content\/uploads\/2024\/05\/11REPTIL-300x147.jpg 300w, https:\/\/elinformante.mx\/wp-content\/uploads\/2024\/05\/11REPTIL-768x377.jpg 768w, https:\/\/elinformante.mx\/wp-content\/uploads\/2024\/05\/11REPTIL-580x285.jpg 580w, https:\/\/elinformante.mx\/wp-content\/uploads\/2024\/05\/11REPTIL-860x422.jpg 860w, https:\/\/elinformante.mx\/wp-content\/uploads\/2024\/05\/11REPTIL.jpg 1140w\" sizes=\"(max-width: 1024px) 100vw, 1024px\" \/><\/figure>\n\n\n\n<p>Asimismo, Barrera D\u00edaz destac\u00f3 que, en cuesti\u00f3n de movilidad, adquiri\u00f3 13 nuevos Potrobuses para beneficiar a m\u00e1s de 15 mil estudiantes que hacen uso diario de este servicio universitario. Adem\u00e1s, invit\u00f3 a su comunidad a hacer uso de los 450 mil libros electr\u00f3nicos y las 107 mil revistas electr\u00f3nicas de libre y gratuito acceso que se encuentran en la Biblioteca Digital de la UAEM\u00e9x.<br><\/p>\n\n\n\n<p>Por su parte, Zepeda Mondrag\u00f3n coment\u00f3 que, con la entrega de estos est\u00edmulos y reconocimientos a sus estudiantes, la Aut\u00f3noma mexiquense promueve un bienestar entre toda su comunidad, logrando la consolidaci\u00f3n de la paz y de la armon\u00eda colectiva.<br><\/p>\n\n\n\n<p>Durante su participaci\u00f3n, la representante del estudiantado, Adriana Roc\u00edo S\u00e1nchez Jaramillo, reconoci\u00f3 a la Administraci\u00f3n encabezada por Barrera D\u00edaz por ofrecer estas oportunidades, ya que significa un reconocimiento y respaldo por la labor que hacen d\u00eda con d\u00eda y que les impulsa a ser agentes de cambio en la sociedad en beneficio de las comunidades estudiantiles y de M\u00e9xico.<br><\/p>\n\n\n\n<p>Al acto, tambi\u00e9n asistieron integrantes del Gabinete Universitario y del Colegio de Directores; directores y directoras de \u00e1rea de la Secretar\u00eda de Extensi\u00f3n y Vinculaci\u00f3n, las y los alumnos beneficiados y comunidad universitaria.<\/p>\n\n\n\n<figure class=\"wp-block-image size-large\"><img decoding=\"async\" width=\"1024\" height=\"503\" src=\"https:\/\/elinformante.mx\/wp-content\/uploads\/2024\/05\/11.2REPTIL-1024x503.jpg\" alt=\"\" class=\"wp-image-53355\" srcset=\"https:\/\/elinformante.mx\/wp-content\/uploads\/2024\/05\/11.2REPTIL-1024x503.jpg 1024w, https:\/\/elinformante.mx\/wp-content\/uploads\/2024\/05\/11.2REPTIL-300x147.jpg 300w, https:\/\/elinformante.mx\/wp-content\/uploads\/2024\/05\/11.2REPTIL-768x377.jpg 768w, https:\/\/elinformante.mx\/wp-content\/uploads\/2024\/05\/11.2REPTIL-580x285.jpg 580w, https:\/\/elinformante.mx\/wp-content\/uploads\/2024\/05\/11.2REPTIL-860x422.jpg 860w, https:\/\/elinformante.mx\/wp-content\/uploads\/2024\/05\/11.2REPTIL.jpg 1140w\" sizes=\"(max-width: 1024px) 100vw, 1024px\" \/><\/figure>\n","protected":false},"excerpt":{"rendered":"<p>La UAEM\u00e9x reconoce contribuciones y alto desempe\u00f1o acad\u00e9mico de su estudiantado. Por su desempe\u00f1o acad\u00e9mico de excelencia y su invaluable contribuci\u00f3n a la investigaci\u00f3n, desarrollo cultural, art\u00edstico, deportivo y bienestar institucional, el rector de la Universidad Aut\u00f3noma del Estado de M\u00e9xico (UAEM\u00e9x), Carlos Eduardo Barrera D\u00edaz, realiz\u00f3 la entrega simb\u00f3lica de Becas, Apoyos y Est\u00edmulos [&hellip;]<\/p>\n","protected":false},"author":1,"featured_media":53353,"comment_status":"closed","ping_status":"closed","sticky":false,"template":"","format":"standard","meta":{"footnotes":""},"categories":[30,36],"tags":[],"class_list":["post-53352","post","type-post","status-publish","format-standard","has-post-thumbnail","hentry","category-destacado","category-edomex"],"_links":{"self":[{"href":"https:\/\/elinformante.mx\/index.php?rest_route=\/wp\/v2\/posts\/53352","targetHints":{"allow":["GET"]}}],"collection":[{"href":"https:\/\/elinformante.mx\/index.php?rest_route=\/wp\/v2\/posts"}],"about":[{"href":"https:\/\/elinformante.mx\/index.php?rest_route=\/wp\/v2\/types\/post"}],"author":[{"embeddable":true,"href":"https:\/\/elinformante.mx\/index.php?rest_route=\/wp\/v2\/users\/1"}],"replies":[{"embeddable":true,"href":"https:\/\/elinformante.mx\/index.php?rest_route=%2Fwp%2Fv2%2Fcomments&post=53352"}],"version-history":[{"count":0,"href":"https:\/\/elinformante.mx\/index.php?rest_route=\/wp\/v2\/posts\/53352\/revisions"}],"wp:featuredmedia":[{"embeddable":true,"href":"https:\/\/elinformante.mx\/index.php?rest_route=\/wp\/v2\/media\/53353"}],"wp:attachment":[{"href":"https:\/\/elinformante.mx\/index.php?rest_route=%2Fwp%2Fv2%2Fmedia&parent=53352"}],"wp:term":[{"taxonomy":"category","embeddable":true,"href":"https:\/\/elinformante.mx\/index.php?rest_route=%2Fwp%2Fv2%2Fcategories&post=53352"},{"taxonomy":"post_tag","embeddable":true,"href":"https:\/\/elinformante.mx\/index.php?rest_route=%2Fwp%2Fv2%2Ftags&post=53352"}],"curies":[{"name":"wp","href":"https:\/\/api.w.org\/{rel}","templated":true}]}}