{"id":53360,"date":"2024-05-03T05:47:53","date_gmt":"2024-05-03T11:47:53","guid":{"rendered":"https:\/\/elinformante.mx\/?p=53360"},"modified":"2024-05-03T05:47:54","modified_gmt":"2024-05-03T11:47:54","slug":"diputacion-permanente-da-por-recibida-cuenta-publica-2023","status":"publish","type":"post","link":"https:\/\/elinformante.mx\/?p=53360","title":{"rendered":"Diputaci\u00f3n Permanente da por recibida Cuenta P\u00fablica 2023"},"content":{"rendered":"\n<blockquote class=\"wp-block-quote is-layout-flow wp-block-quote-is-layout-flow\">\n<p>El documento da cuenta de la pol\u00edtica financiera de la Hacienda estatal y ser\u00e1 enviado al OSFEM para su revisi\u00f3n.<\/p>\n<\/blockquote>\n\n\n\n<p>La Diputaci\u00f3n Permanente de la LXI Legislatura mexiquense, presidida por Mar\u00eda Zareth Cruz Hern\u00e1ndez, dio por presentada en tiempo y forma, en los t\u00e9rminos constitucionales y legales conducentes, la Cuenta P\u00fablica del Gobierno, Organismos Auxiliares y Aut\u00f3nomos del Estado de M\u00e9xico del ejercicio fiscal 2023.<br><\/p>\n\n\n\n<p>Durante sesi\u00f3n de la Diputaci\u00f3n Permanente, la legisladora Mar\u00eda Zareth Cruz detall\u00f3 que la Cuenta P\u00fablica se remitir\u00e1 a la Comisi\u00f3n Legislativa de Vigilancia del \u00d3rgano Superior de Fiscalizaci\u00f3n del Estado de M\u00e9xico para que, a su vez, la remita de inmediato al \u00d3rgano Superior de Fiscalizaci\u00f3n del Estado de M\u00e9xico (OSFEM) para los efectos correspondientes, con apego a la Constituci\u00f3n local y a la legislaci\u00f3n en la materia.<br><\/p>\n\n\n\n<figure class=\"wp-block-image size-large\"><img fetchpriority=\"high\" decoding=\"async\" width=\"1024\" height=\"503\" src=\"https:\/\/elinformante.mx\/wp-content\/uploads\/2024\/05\/7CUENTA-1024x503.jpg\" alt=\"\" class=\"wp-image-53362\" srcset=\"https:\/\/elinformante.mx\/wp-content\/uploads\/2024\/05\/7CUENTA-1024x503.jpg 1024w, https:\/\/elinformante.mx\/wp-content\/uploads\/2024\/05\/7CUENTA-300x147.jpg 300w, https:\/\/elinformante.mx\/wp-content\/uploads\/2024\/05\/7CUENTA-768x377.jpg 768w, https:\/\/elinformante.mx\/wp-content\/uploads\/2024\/05\/7CUENTA-580x285.jpg 580w, https:\/\/elinformante.mx\/wp-content\/uploads\/2024\/05\/7CUENTA-860x422.jpg 860w, https:\/\/elinformante.mx\/wp-content\/uploads\/2024\/05\/7CUENTA.jpg 1140w\" sizes=\"(max-width: 1024px) 100vw, 1024px\" \/><\/figure>\n\n\n\n<p>La Cuenta P\u00fablica, enviada por la titular del Ejecutivo Estatal e integrada por 13 tomos y 10 vol\u00famenes, contiene el resultado consolidado de la ejecuci\u00f3n de la Ley de Ingresos y de Presupuesto de Egresos autorizados del 2023 y se formul\u00f3 con base en los estados financieros y presupuestales de la administraci\u00f3n p\u00fablica centralizada, de los organismos auxiliares y aut\u00f3nomos, fideicomisos y dem\u00e1s entes p\u00fablicos que manejan recursos estatales, as\u00ed como de los poderes Legislativo y Judicial del gobierno estatal.<br><\/p>\n\n\n\n<p>Cabe se\u00f1alar que la titular del Ejecutivo estatal, a trav\u00e9s de la secretaria de Finanzas del gobierno estatal, entreg\u00f3 el pasado 30 de abril f\u00edsicamente la Cuenta P\u00fablica a la legisladora Mar\u00eda Zareth Cruz, evento en donde tambi\u00e9n estuvieron presentes la legisladora Evelyn Osornio Jim\u00e9nez, presidenta de la Comisi\u00f3n de Vigilancia, y la titular del OSFEM.<\/p>\n","protected":false},"excerpt":{"rendered":"<p>El documento da cuenta de la pol\u00edtica financiera de la Hacienda estatal y ser\u00e1 enviado al OSFEM para su revisi\u00f3n. La Diputaci\u00f3n Permanente de la LXI Legislatura mexiquense, presidida por Mar\u00eda Zareth Cruz Hern\u00e1ndez, dio por presentada en tiempo y forma, en los t\u00e9rminos constitucionales y legales conducentes, la Cuenta P\u00fablica del Gobierno, Organismos Auxiliares [&hellip;]<\/p>\n","protected":false},"author":1,"featured_media":53361,"comment_status":"closed","ping_status":"closed","sticky":false,"template":"","format":"standard","meta":{"footnotes":""},"categories":[30,36],"tags":[],"class_list":["post-53360","post","type-post","status-publish","format-standard","has-post-thumbnail","hentry","category-destacado","category-edomex"],"_links":{"self":[{"href":"https:\/\/elinformante.mx\/index.php?rest_route=\/wp\/v2\/posts\/53360","targetHints":{"allow":["GET"]}}],"collection":[{"href":"https:\/\/elinformante.mx\/index.php?rest_route=\/wp\/v2\/posts"}],"about":[{"href":"https:\/\/elinformante.mx\/index.php?rest_route=\/wp\/v2\/types\/post"}],"author":[{"embeddable":true,"href":"https:\/\/elinformante.mx\/index.php?rest_route=\/wp\/v2\/users\/1"}],"replies":[{"embeddable":true,"href":"https:\/\/elinformante.mx\/index.php?rest_route=%2Fwp%2Fv2%2Fcomments&post=53360"}],"version-history":[{"count":0,"href":"https:\/\/elinformante.mx\/index.php?rest_route=\/wp\/v2\/posts\/53360\/revisions"}],"wp:featuredmedia":[{"embeddable":true,"href":"https:\/\/elinformante.mx\/index.php?rest_route=\/wp\/v2\/media\/53361"}],"wp:attachment":[{"href":"https:\/\/elinformante.mx\/index.php?rest_route=%2Fwp%2Fv2%2Fmedia&parent=53360"}],"wp:term":[{"taxonomy":"category","embeddable":true,"href":"https:\/\/elinformante.mx\/index.php?rest_route=%2Fwp%2Fv2%2Fcategories&post=53360"},{"taxonomy":"post_tag","embeddable":true,"href":"https:\/\/elinformante.mx\/index.php?rest_route=%2Fwp%2Fv2%2Ftags&post=53360"}],"curies":[{"name":"wp","href":"https:\/\/api.w.org\/{rel}","templated":true}]}}