{"id":53364,"date":"2024-05-03T05:51:10","date_gmt":"2024-05-03T11:51:10","guid":{"rendered":"https:\/\/elinformante.mx\/?p=53364"},"modified":"2024-05-03T05:51:11","modified_gmt":"2024-05-03T11:51:11","slug":"sancionaron-196-vehiculos-por-violar-hoy-no-circula-durante-contingencia","status":"publish","type":"post","link":"https:\/\/elinformante.mx\/?p=53364","title":{"rendered":"Sancionaron 196 veh\u00edculos por violar Hoy No Circula durante contingencia"},"content":{"rendered":"\n<blockquote class=\"wp-block-quote is-layout-flow wp-block-quote-is-layout-flow\">\n<p>De los 196 conductores sancionados, 194 fueron penalizados por no cumplir con las medidas de la contingencia.<\/p>\n<\/blockquote>\n\n\n\n<p>La Secretar\u00eda del Medio Ambiente (Sedema) de la Ciudad de M\u00e9xico, a trav\u00e9s de la Direcci\u00f3n General de Inspecci\u00f3n y Vigilancia Ambiental, anunci\u00f3 que el mi\u00e9rcoles 1 de mayo se impusieron 196 sanciones a conductores que no respetaron el Programa Ambiental Hoy No Circula.<br><\/p>\n\n\n\n<p>Estas medidas se tomaron como respuesta a la declaraci\u00f3n de la Fase I de Contingencia Ambiental Atmosf\u00e9rica por ozono en la Zona Metropolitana del Valle de M\u00e9xico, emitida por la Comisi\u00f3n Ambiental de la Megal\u00f3polis (CAMe).<br><\/p>\n\n\n\n<p>De los 196 conductores sancionados, 194 fueron penalizados por no cumplir con las medidas de la contingencia, mientras que dos fueron multados por ser veh\u00edculos ostensiblemente contaminantes.<br><\/p>\n\n\n\n<p>La Ley Ambiental de Protecci\u00f3n a la Tierra en la Ciudad de M\u00e9xico y su Reglamento en Materia de Verificaci\u00f3n Vehicular estipulan sanciones econ\u00f3micas para aquellos que infrinjan estas regulaciones, a fin de promover el cumplimiento de los lineamientos del Programa Hoy No Circula y el Programa de Verificaci\u00f3n Vehicular Obligatoria<br><\/p>\n\n\n\n<p>Las Unidades de Vigilancia Ambiental desplegadas durante esta jornada est\u00e1n autorizadas para llevar a cabo inspecciones que determinen si un veh\u00edculo est\u00e1 sujeto a sanci\u00f3n. En caso afirmativo, se emite una boleta de sanci\u00f3n, y a los veh\u00edculos registrados en otras entidades se les retira la placa met\u00e1lica como medida preventiva.<\/p>\n","protected":false},"excerpt":{"rendered":"<p>De los 196 conductores sancionados, 194 fueron penalizados por no cumplir con las medidas de la contingencia. La Secretar\u00eda del Medio Ambiente (Sedema) de la Ciudad de M\u00e9xico, a trav\u00e9s de la Direcci\u00f3n General de Inspecci\u00f3n y Vigilancia Ambiental, anunci\u00f3 que el mi\u00e9rcoles 1 de mayo se impusieron 196 sanciones a conductores que no respetaron [&hellip;]<\/p>\n","protected":false},"author":1,"featured_media":53365,"comment_status":"closed","ping_status":"closed","sticky":false,"template":"","format":"standard","meta":{"footnotes":""},"categories":[35],"tags":[],"class_list":["post-53364","post","type-post","status-publish","format-standard","has-post-thumbnail","hentry","category-cdmx"],"_links":{"self":[{"href":"https:\/\/elinformante.mx\/index.php?rest_route=\/wp\/v2\/posts\/53364","targetHints":{"allow":["GET"]}}],"collection":[{"href":"https:\/\/elinformante.mx\/index.php?rest_route=\/wp\/v2\/posts"}],"about":[{"href":"https:\/\/elinformante.mx\/index.php?rest_route=\/wp\/v2\/types\/post"}],"author":[{"embeddable":true,"href":"https:\/\/elinformante.mx\/index.php?rest_route=\/wp\/v2\/users\/1"}],"replies":[{"embeddable":true,"href":"https:\/\/elinformante.mx\/index.php?rest_route=%2Fwp%2Fv2%2Fcomments&post=53364"}],"version-history":[{"count":0,"href":"https:\/\/elinformante.mx\/index.php?rest_route=\/wp\/v2\/posts\/53364\/revisions"}],"wp:featuredmedia":[{"embeddable":true,"href":"https:\/\/elinformante.mx\/index.php?rest_route=\/wp\/v2\/media\/53365"}],"wp:attachment":[{"href":"https:\/\/elinformante.mx\/index.php?rest_route=%2Fwp%2Fv2%2Fmedia&parent=53364"}],"wp:term":[{"taxonomy":"category","embeddable":true,"href":"https:\/\/elinformante.mx\/index.php?rest_route=%2Fwp%2Fv2%2Fcategories&post=53364"},{"taxonomy":"post_tag","embeddable":true,"href":"https:\/\/elinformante.mx\/index.php?rest_route=%2Fwp%2Fv2%2Ftags&post=53364"}],"curies":[{"name":"wp","href":"https:\/\/api.w.org\/{rel}","templated":true}]}}