{"id":53385,"date":"2024-05-03T06:09:21","date_gmt":"2024-05-03T12:09:21","guid":{"rendered":"https:\/\/elinformante.mx\/?p=53385"},"modified":"2024-05-03T06:09:22","modified_gmt":"2024-05-03T12:09:22","slug":"guerrero-segundo-lugar-a-nivel-nacional-en-incendios-forestales","status":"publish","type":"post","link":"https:\/\/elinformante.mx\/?p=53385","title":{"rendered":"Guerrero segundo lugar a nivel nacional en incendios forestales"},"content":{"rendered":"\n<blockquote class=\"wp-block-quote is-layout-flow wp-block-quote-is-layout-flow\">\n<p>En 20 municipios, 35 incendios forestales acaban con la vegetaci\u00f3n en el estado, confirm\u00f3 la Secretar\u00eda de Gesti\u00f3n Integral de Riesgo y Protecci\u00f3n Civil.<\/p>\n<\/blockquote>\n\n\n\n<p>El estado de Guerrero ocupa el segundo lugar a nivel nacional en registro de incendios forestales, reconoci\u00f3 el titular de la Secretar\u00eda de Gesti\u00f3n Integral de Riesgo y Protecci\u00f3n Civil en la entidad, Roberto Arroyo Matus.<br><\/p>\n\n\n\n<p>Dio a conocer que 35 conflagraciones consume la vegetaci\u00f3n de 20 municipios en el estado, los cuales se encuentran en Acapulco, Chilpancingo, Eduardo Neri, Coyuca de Ben\u00edtez, M\u00e1rtir de Cuilapan, Atoyac, Zir\u00e1ndaro de los Ch\u00e1vez, Coyuca de Catal\u00e1n, Tlacoachistlahuaca .Cochoapa el Grande, Atlixtac, Copalillo, Taxco, Cutzamala de Pinz\u00f3n, Florencio Villarreal, Heliodoro Castillo y Xochistlahuaca.<br><\/p>\n\n\n\n<p>Dijo que en el caso de Acapulco hay dos incendios forestales que es la parte alta del Parque Nacional El Veladero a la altura de la colonia Nueva Era, Santa Cecilia, Palma Sola y Mar\u00eda de la O.<br><\/p>\n\n\n\n<p>En ese sentido, dio a conocer que se tiene un 95 por ciento de control y 80 por ciento de liquidaci\u00f3n.<br><\/p>\n\n\n\n<p>Dijo que se sigue utilizando para sofocar el incendio en el Parque Nacional El Veladero, un helic\u00f3ptero M117-de la Marina.<br><\/p>\n\n\n\n<p>\u201cYa se hab\u00eda sofocado (en el Parque Nacional el Veladero) pero al parecer volvieron a encender y ahorita contin\u00faa el incendio en palma sola\u201d.<br><\/p>\n\n\n\n<p>Coment\u00f3 que todos los incendios forestales est\u00e1n en monitoreo.<br><\/p>\n\n\n\n<p>A\u00f1adi\u00f3 que Guerrero ocupa el segundo lugar nacional en incendios forestales, despu\u00e9s de Oaxaca.<\/p>\n","protected":false},"excerpt":{"rendered":"<p>En 20 municipios, 35 incendios forestales acaban con la vegetaci\u00f3n en el estado, confirm\u00f3 la Secretar\u00eda de Gesti\u00f3n Integral de Riesgo y Protecci\u00f3n Civil. El estado de Guerrero ocupa el segundo lugar a nivel nacional en registro de incendios forestales, reconoci\u00f3 el titular de la Secretar\u00eda de Gesti\u00f3n Integral de Riesgo y Protecci\u00f3n Civil en [&hellip;]<\/p>\n","protected":false},"author":1,"featured_media":53386,"comment_status":"closed","ping_status":"closed","sticky":false,"template":"","format":"standard","meta":{"footnotes":""},"categories":[34],"tags":[],"class_list":["post-53385","post","type-post","status-publish","format-standard","has-post-thumbnail","hentry","category-nacional"],"_links":{"self":[{"href":"https:\/\/elinformante.mx\/index.php?rest_route=\/wp\/v2\/posts\/53385","targetHints":{"allow":["GET"]}}],"collection":[{"href":"https:\/\/elinformante.mx\/index.php?rest_route=\/wp\/v2\/posts"}],"about":[{"href":"https:\/\/elinformante.mx\/index.php?rest_route=\/wp\/v2\/types\/post"}],"author":[{"embeddable":true,"href":"https:\/\/elinformante.mx\/index.php?rest_route=\/wp\/v2\/users\/1"}],"replies":[{"embeddable":true,"href":"https:\/\/elinformante.mx\/index.php?rest_route=%2Fwp%2Fv2%2Fcomments&post=53385"}],"version-history":[{"count":0,"href":"https:\/\/elinformante.mx\/index.php?rest_route=\/wp\/v2\/posts\/53385\/revisions"}],"wp:featuredmedia":[{"embeddable":true,"href":"https:\/\/elinformante.mx\/index.php?rest_route=\/wp\/v2\/media\/53386"}],"wp:attachment":[{"href":"https:\/\/elinformante.mx\/index.php?rest_route=%2Fwp%2Fv2%2Fmedia&parent=53385"}],"wp:term":[{"taxonomy":"category","embeddable":true,"href":"https:\/\/elinformante.mx\/index.php?rest_route=%2Fwp%2Fv2%2Fcategories&post=53385"},{"taxonomy":"post_tag","embeddable":true,"href":"https:\/\/elinformante.mx\/index.php?rest_route=%2Fwp%2Fv2%2Ftags&post=53385"}],"curies":[{"name":"wp","href":"https:\/\/api.w.org\/{rel}","templated":true}]}}