{"id":53391,"date":"2024-05-03T06:12:34","date_gmt":"2024-05-03T12:12:34","guid":{"rendered":"https:\/\/elinformante.mx\/?p=53391"},"modified":"2024-05-03T06:12:35","modified_gmt":"2024-05-03T12:12:35","slug":"inaugura-mara-lezama-10-congreso-internacional-de-diseno","status":"publish","type":"post","link":"https:\/\/elinformante.mx\/?p=53391","title":{"rendered":"Inaugura Mara Lezama 10\u00b0 Congreso Internacional de Dise\u00f1o"},"content":{"rendered":"\n<blockquote class=\"wp-block-quote is-layout-flow wp-block-quote-is-layout-flow\">\n<p>El 10\u00ba Congreso Internacional de Dise\u00f1o es un espacio que re\u00fane a los futuros l\u00edderes de Canc\u00fan.<\/p>\n<\/blockquote>\n\n\n\n<p>La gobernadora de Quintana Roo, Mara Lezama Espinosa, inaugur\u00f3 la d\u00e9cima edici\u00f3n del Congreso Internacional de Dise\u00f1o LATENTE, organizado por estudiantes del octavo semestre de las carreras de Dise\u00f1o Gr\u00e1fico, Dise\u00f1o Multimedia y Dise\u00f1o Industrial de la Universidad An\u00e1huac.<br><\/p>\n\n\n\n<p>En su mensaje, destac\u00f3 el papel que desempe\u00f1an las y los alumnos como futuros l\u00edderes para dise\u00f1ar el pr\u00f3ximo cap\u00edtulo de nuestro entorno urbano, en el marco del 54 Aniversario de la Ciudad, donde resalt\u00f3 el valor de sus ideas, talento e ingenio.<br><\/p>\n\n\n\n<p>Ante alumnos, congresistas, conferencistas y talleristas de Espa\u00f1a, Ecuador, Colombia, Italia y M\u00e9xico, la gobernadora los invit\u00f3 a que sigan enamor\u00e1ndose de Quintana Roo, dise\u00f1ando su presente y su futuro \u201cy me acompa\u00f1en a so\u00f1ar y trabajar por esta patria chica que debemos proteger y nos permite escribir juntas y juntos las p\u00e1ginas m\u00e1s hermosas en la historia de nuestra querida tierra\u201d.<br><\/p>\n\n\n\n<p>Al proceder a la inauguraci\u00f3n formal, la gobernadora Mara Lezama convoc\u00f3 a los participantes a que sigan creando para que cada uno pueda conseguir su sue\u00f1o, un sue\u00f1o que permita dise\u00f1ar un nuevo sistema productivo y social, m\u00e1s humano, que brinde acceso al bienestar, a la educaci\u00f3n y a esa prosperidad tan deseada para todas y todos.<br><\/p>\n\n\n\n<p>De acuerdo con los organizadores, este Congreso Internacional llega a diferentes sectores, universitario, empresarial, escuelas preparatorias y personas afines al \u00e1rea de dise\u00f1o. La organizaci\u00f3n incluye log\u00edstica, promoci\u00f3n, relaciones p\u00fablicas y el uso de los conocimientos adquiridos en las diferentes \u00e1reas de dise\u00f1o que se imparten en la Universidad.<br><\/p>\n\n\n\n<p>El director de la Escuela Internacional de Dise\u00f1o, Eric Castillo Falc\u00f3n, dio a conocer que m\u00e1s de 100 expertos se encuentran en el Congreso para inspirar a los casi 2 mil alumnos interactuando en conferencias y talleres, compartiendo conocimientos.<br><\/p>\n\n\n\n<p>Por su parte, el vicerrector de la Universidad An\u00e1huac, Tomasz Bogdanski dio la bienvenida a todas y todos al destacar que este evento es importante, pues el ser humano siempre quiere aprender m\u00e1s del otro. Dijo que a 14 a\u00f1os de su creaci\u00f3n, la Escuela ha demostrado pasi\u00f3n por sus alumnos, que no ser\u00e1 la excepci\u00f3n en esta ocasi\u00f3n. Tras la ceremonia protocolaria, dieron inicio conferencias y talleres.<\/p>\n","protected":false},"excerpt":{"rendered":"<p>El 10\u00ba Congreso Internacional de Dise\u00f1o es un espacio que re\u00fane a los futuros l\u00edderes de Canc\u00fan. La gobernadora de Quintana Roo, Mara Lezama Espinosa, inaugur\u00f3 la d\u00e9cima edici\u00f3n del Congreso Internacional de Dise\u00f1o LATENTE, organizado por estudiantes del octavo semestre de las carreras de Dise\u00f1o Gr\u00e1fico, Dise\u00f1o Multimedia y Dise\u00f1o Industrial de la Universidad [&hellip;]<\/p>\n","protected":false},"author":1,"featured_media":53392,"comment_status":"closed","ping_status":"closed","sticky":false,"template":"","format":"standard","meta":{"footnotes":""},"categories":[30,34],"tags":[],"class_list":["post-53391","post","type-post","status-publish","format-standard","has-post-thumbnail","hentry","category-destacado","category-nacional"],"_links":{"self":[{"href":"https:\/\/elinformante.mx\/index.php?rest_route=\/wp\/v2\/posts\/53391","targetHints":{"allow":["GET"]}}],"collection":[{"href":"https:\/\/elinformante.mx\/index.php?rest_route=\/wp\/v2\/posts"}],"about":[{"href":"https:\/\/elinformante.mx\/index.php?rest_route=\/wp\/v2\/types\/post"}],"author":[{"embeddable":true,"href":"https:\/\/elinformante.mx\/index.php?rest_route=\/wp\/v2\/users\/1"}],"replies":[{"embeddable":true,"href":"https:\/\/elinformante.mx\/index.php?rest_route=%2Fwp%2Fv2%2Fcomments&post=53391"}],"version-history":[{"count":0,"href":"https:\/\/elinformante.mx\/index.php?rest_route=\/wp\/v2\/posts\/53391\/revisions"}],"wp:featuredmedia":[{"embeddable":true,"href":"https:\/\/elinformante.mx\/index.php?rest_route=\/wp\/v2\/media\/53392"}],"wp:attachment":[{"href":"https:\/\/elinformante.mx\/index.php?rest_route=%2Fwp%2Fv2%2Fmedia&parent=53391"}],"wp:term":[{"taxonomy":"category","embeddable":true,"href":"https:\/\/elinformante.mx\/index.php?rest_route=%2Fwp%2Fv2%2Fcategories&post=53391"},{"taxonomy":"post_tag","embeddable":true,"href":"https:\/\/elinformante.mx\/index.php?rest_route=%2Fwp%2Fv2%2Ftags&post=53391"}],"curies":[{"name":"wp","href":"https:\/\/api.w.org\/{rel}","templated":true}]}}