{"id":53397,"date":"2024-05-03T06:16:05","date_gmt":"2024-05-03T12:16:05","guid":{"rendered":"https:\/\/elinformante.mx\/?p=53397"},"modified":"2024-05-03T06:16:06","modified_gmt":"2024-05-03T12:16:06","slug":"se-congratula-xochitl-galvez-por-haber-amanecido-arriba-de-sheinbaum","status":"publish","type":"post","link":"https:\/\/elinformante.mx\/?p=53397","title":{"rendered":"Se congratula X\u00f3chitl G\u00e1lvez por haber amanecido arriba de Sheinbaum"},"content":{"rendered":"\n<blockquote class=\"wp-block-quote is-layout-flow wp-block-quote-is-layout-flow\">\n<p>Da conocer que el Presidente copi\u00f3 su propuesta de no cobrar ISR a trabajadores con salarios bajos.<\/p>\n<\/blockquote>\n\n\n\n<p>\u201cEl d\u00eda de hoy [mi\u00e9rcoles] ya amanecimos arriba de la Sheinbaum, pero Morena no va a querer soltar la plaza tan f\u00e1cilmente\u201d, dijo la candidata presidencial de la oposici\u00f3n, X\u00f3chitl G\u00e1lvez Ruiz, ante miles de simpatizantes.<br><\/p>\n\n\n\n<p>En el primer mitin en el que fue acompa\u00f1ada por Manlio Fabio Beltrones, expresidente del PRI y exgobernador de Sonora, asegur\u00f3 que a la 4T \u201cles est\u00e1 doliendo nuestra campa\u00f1a\u201d.<br><\/p>\n\n\n\n<p>Prueba de ello, dijo, es que el presidente Andr\u00e9s Manuel L\u00f3pez Obrador le copi\u00f3 su propuesta de condonar impuestos a los trabajadores que ganan menos: \u201cTodav\u00eda no llego a la Presidencia y ya tuve un logro. \u00bfQu\u00e9 creen? Les voy a contar. En el debate anunci\u00e9 que todas las personas que ganen menos de 15 mil pesos no van a pagar ISR. Pues (\u2026) el Presidente de la Rep\u00fablica acaba de publicar un decreto para 9 mil pesos para abajo. Ya me copi\u00f3, pero qu\u00e9 bueno, qu\u00e9 bueno que ya me copi\u00f3, porque \u00bfsaben qu\u00e9?, ustedes trabajadores merecen mucho m\u00e1s\u201d, expres\u00f3.<br><\/p>\n\n\n\n<p>\u201cEso es muy importante, porque quiere decir que les est\u00e1 doliendo nuestra campa\u00f1a. El d\u00eda de hoy [ayer] ya amanecimos arriba de la Sheinbaum\u201d.<br><\/p>\n\n\n\n<p>Sin embargo, alert\u00f3 a sus simpatizantes que viene lo m\u00e1s dif\u00edcil de la campa\u00f1a.<br><\/p>\n\n\n\n<p>\u201cNos viene el mes m\u00e1s complicado, m\u00e1s dif\u00edcil. Ellos no van a querer soltar la plaza tan f\u00e1cilmente y nosotros tenemos que redoblar el esfuerzo. Nosotros tenemos que luchar este mes, es un mes que les pido a cambio. Yo les voy a regalar seis a\u00f1os de mi vida. T\u00e9nganme confianza\u201d, indic\u00f3.<br><\/p>\n\n\n\n<p>G\u00e1lvez Ruiz asegur\u00f3 que con ella en la Presidencia les va a ir bien a los trabajadores, porque van a tener un mejor salario y apoyos tributarios.<br><\/p>\n\n\n\n<p>En su primera visita a Sonora en lo que va de su campa\u00f1a, la aspirante de la coalici\u00f3n Fuerza y Coraz\u00f3n por M\u00e9xico propuso buscar a las personas de 70 a\u00f1os y m\u00e1s que no han reclamado los recursos que tienen en las Afore para entreg\u00e1rselas y evitar que el gobierno \u201cse los robe\u201d.<br><\/p>\n\n\n\n<p>Expres\u00f3 su desacuerdo con la reforma aprobada por Morena y sus aliados para que el gobierno tome esos 40 mil millones de pesos para, presuntamente, aumentar el resto de pensiones.<br><\/p>\n\n\n\n<p>\u201cEse dinero es de las personas que lo ahorraron, no es del Presidente ni de nadie. Lo que hay que hacer es buscar a las personas, a sus descendientes. Esas personas seguramente no se enteraron de que tienen ese dinero, yo no creo que nadie que sepa que tiene un dinero lo dejar\u00eda ah\u00ed. No lo saben\u201d.<br><\/p>\n\n\n\n<p>Por otra parte, al hablar sobre la clausura del \u00faltimo periodo ordinario de esta Legislatura, de la que form\u00f3 parte, lament\u00f3 que el presidente Andr\u00e9s Manuel L\u00f3pez Obrador nunca convocara a los legisladores de la oposici\u00f3n para reunirse y no tuviera la disposici\u00f3n de dialogar con todas las fuerzas pol\u00edticas, y en cambio s\u00ed se re\u00fane con las bancadas de Morena para celebrar sus \u201creformas ilegales\u201d.<\/p>\n","protected":false},"excerpt":{"rendered":"<p>Da conocer que el Presidente copi\u00f3 su propuesta de no cobrar ISR a trabajadores con salarios bajos. \u201cEl d\u00eda de hoy [mi\u00e9rcoles] ya amanecimos arriba de la Sheinbaum, pero Morena no va a querer soltar la plaza tan f\u00e1cilmente\u201d, dijo la candidata presidencial de la oposici\u00f3n, X\u00f3chitl G\u00e1lvez Ruiz, ante miles de simpatizantes. En el [&hellip;]<\/p>\n","protected":false},"author":1,"featured_media":53398,"comment_status":"closed","ping_status":"closed","sticky":false,"template":"","format":"standard","meta":{"footnotes":""},"categories":[30,34],"tags":[],"class_list":["post-53397","post","type-post","status-publish","format-standard","has-post-thumbnail","hentry","category-destacado","category-nacional"],"_links":{"self":[{"href":"https:\/\/elinformante.mx\/index.php?rest_route=\/wp\/v2\/posts\/53397","targetHints":{"allow":["GET"]}}],"collection":[{"href":"https:\/\/elinformante.mx\/index.php?rest_route=\/wp\/v2\/posts"}],"about":[{"href":"https:\/\/elinformante.mx\/index.php?rest_route=\/wp\/v2\/types\/post"}],"author":[{"embeddable":true,"href":"https:\/\/elinformante.mx\/index.php?rest_route=\/wp\/v2\/users\/1"}],"replies":[{"embeddable":true,"href":"https:\/\/elinformante.mx\/index.php?rest_route=%2Fwp%2Fv2%2Fcomments&post=53397"}],"version-history":[{"count":0,"href":"https:\/\/elinformante.mx\/index.php?rest_route=\/wp\/v2\/posts\/53397\/revisions"}],"wp:featuredmedia":[{"embeddable":true,"href":"https:\/\/elinformante.mx\/index.php?rest_route=\/wp\/v2\/media\/53398"}],"wp:attachment":[{"href":"https:\/\/elinformante.mx\/index.php?rest_route=%2Fwp%2Fv2%2Fmedia&parent=53397"}],"wp:term":[{"taxonomy":"category","embeddable":true,"href":"https:\/\/elinformante.mx\/index.php?rest_route=%2Fwp%2Fv2%2Fcategories&post=53397"},{"taxonomy":"post_tag","embeddable":true,"href":"https:\/\/elinformante.mx\/index.php?rest_route=%2Fwp%2Fv2%2Ftags&post=53397"}],"curies":[{"name":"wp","href":"https:\/\/api.w.org\/{rel}","templated":true}]}}