{"id":53966,"date":"2024-05-10T06:26:11","date_gmt":"2024-05-10T12:26:11","guid":{"rendered":"https:\/\/elinformante.mx\/?p=53966"},"modified":"2024-05-10T06:26:13","modified_gmt":"2024-05-10T12:26:13","slug":"delfina-gomez-alvarez-dialoga-con-colectivo-haz-valer-mi-libertad","status":"publish","type":"post","link":"https:\/\/elinformante.mx\/?p=53966","title":{"rendered":"Delfina G\u00f3mez \u00c1lvarez dialoga con colectivo \u201cHaz Valer mi libertad\u201d"},"content":{"rendered":"\n<blockquote class=\"wp-block-quote is-layout-flow wp-block-quote-is-layout-flow\">\n<p>Luego de un a\u00f1o de permanecer en plant\u00f3n frente a palacio de Gobierno en Toluca, el colectivo afirm\u00f3 que hay nuevos funcionarios con nuevas convicciones y valores.<\/p>\n<\/blockquote>\n\n\n\n<p>La gobernadora del Estado de M\u00e9xico, Maestra Delfina G\u00f3mez \u00c1lvarez anunci\u00f3 la liberaci\u00f3n y atenci\u00f3n a presos inocentes que exig\u00edan la protecci\u00f3n de derechos humanos, al tiempo que afirm\u00f3 que su gobierno tiene como prioridad que el pueblo tenga acceso a la justicia.<br><\/p>\n\n\n\n<p>En una reuni\u00f3n en Palacio de Gobierno, Delfina G\u00f3mez reconoci\u00f3 la coordinaci\u00f3n con el Poder Judicial, la Fiscal\u00eda General de Justicia estatal (FGJEM) y la Comisi\u00f3n de Derechos Humanos del Estado M\u00e9xico (Codhem), as\u00ed como el trabajo de la Secretar\u00eda General de Gobierno y la Consejer\u00eda Jur\u00eddica en la atenci\u00f3n a los casos del colectivo \u201cHaz Valer Mi Libertad\u201d que manten\u00eda un plant\u00f3n frente a la sede del Poder Ejecutivo, en Toluca.<br><\/p>\n\n\n\n<p>La gobernadora Delfina G\u00f3mez detall\u00f3 que este acto contribuye a la aplicaci\u00f3n de la justicia y a alcanzar el objetivo 16 de la Agenda 2023 de la ONU, que busca la promoci\u00f3n de sociedades justas, pac\u00edficas e inclusivas.<br><\/p>\n\n\n\n<p>Es una nueva era, hemos comprometido nuestra palabra con el Pueblo, la palabra de la Gobernadora, de que vamos a abrir el gobierno a otros casos paradigm\u00e1ticos para que se revisen a la luz de nuestras normas jur\u00eddicas y de la protecci\u00f3n de los Derechos Humanos, bajo la lupa de la m\u00e1s amplia protecci\u00f3n, afirm\u00f3 Horacio Duarte Olivares, Secretario General de Gobierno.<br><\/p>\n\n\n\n<figure class=\"wp-block-image size-large\"><img fetchpriority=\"high\" decoding=\"async\" width=\"1024\" height=\"503\" src=\"https:\/\/elinformante.mx\/wp-content\/uploads\/2024\/05\/DELFINA-2-1024x503.jpg\" alt=\"\" class=\"wp-image-53968\" srcset=\"https:\/\/elinformante.mx\/wp-content\/uploads\/2024\/05\/DELFINA-2-1024x503.jpg 1024w, https:\/\/elinformante.mx\/wp-content\/uploads\/2024\/05\/DELFINA-2-300x147.jpg 300w, https:\/\/elinformante.mx\/wp-content\/uploads\/2024\/05\/DELFINA-2-768x377.jpg 768w, https:\/\/elinformante.mx\/wp-content\/uploads\/2024\/05\/DELFINA-2-580x285.jpg 580w, https:\/\/elinformante.mx\/wp-content\/uploads\/2024\/05\/DELFINA-2-860x422.jpg 860w, https:\/\/elinformante.mx\/wp-content\/uploads\/2024\/05\/DELFINA-2.jpg 1140w\" sizes=\"(max-width: 1024px) 100vw, 1024px\" \/><\/figure>\n\n\n\n<p>Duarte Olivares se\u00f1al\u00f3 que por instrucciones de la Gobernadora Delfina G\u00f3mez en el Estado de M\u00e9xico se combatir\u00e1 la injusticia, el olvido y los atropellos contra la gente, con el apoyo, colaboraci\u00f3n y respeto al \u00e1mbito de competencia de los tres \u00f3rdenes de gobierno y de los poderes del Estado.<br><\/p>\n\n\n\n<p>Adem\u00e1s, el Secretario General de Gobierno, Horacio Duarte se\u00f1al\u00f3 que, para la administraci\u00f3n de la Gobernadora Delfina G\u00f3mez, luchar por la justicia siempre es un honor y una obligaci\u00f3n \u00e9tica y moral; por tanto, existe el compromiso de abrir mesas de revisi\u00f3n para que otros casos se analicen siempre bajo la tesitura m\u00e1s amplia de protecci\u00f3n a los Derechos Humanos.<br><\/p>\n\n\n\n<figure class=\"wp-block-image size-large\"><img decoding=\"async\" width=\"1024\" height=\"503\" src=\"https:\/\/elinformante.mx\/wp-content\/uploads\/2024\/05\/DELFINA-1024x503.jpg\" alt=\"\" class=\"wp-image-53970\" srcset=\"https:\/\/elinformante.mx\/wp-content\/uploads\/2024\/05\/DELFINA-1024x503.jpg 1024w, https:\/\/elinformante.mx\/wp-content\/uploads\/2024\/05\/DELFINA-300x147.jpg 300w, https:\/\/elinformante.mx\/wp-content\/uploads\/2024\/05\/DELFINA-768x377.jpg 768w, https:\/\/elinformante.mx\/wp-content\/uploads\/2024\/05\/DELFINA-580x285.jpg 580w, https:\/\/elinformante.mx\/wp-content\/uploads\/2024\/05\/DELFINA-860x422.jpg 860w, https:\/\/elinformante.mx\/wp-content\/uploads\/2024\/05\/DELFINA.jpg 1140w\" sizes=\"(max-width: 1024px) 100vw, 1024px\" \/><\/figure>\n\n\n\n<p>Por su parte, Jos\u00e9 Antonio Lara Duque, fundador del Centro de Derechos Humanos \u201cZeferino Ladrillero\u201d manifest\u00f3 que la instrucci\u00f3n de la Gobernadora Delfina G\u00f3mez es un cambio hist\u00f3rico y un cambio en el ejercicio de la vida p\u00fablica; por lo cual agradeci\u00f3 a las instituciones que est\u00e1n haciendo posible este cambio en el Estado de M\u00e9xico.<br><\/p>\n\n\n\n<p>En este sentido, el representante del colectivo anunci\u00f3 el retiro del plant\u00f3n del colectivo \u201cHaz Valer mi Libertad\u201d que permanec\u00eda desde hace 344 d\u00edas afuera de la sede del Gobierno del Estado y que se instal\u00f3 durante el sexenio pasado.<br><\/p>\n\n\n\n<p>En su oportunidad Daniel Pl\u00e1cido Arroyo, quien recibi\u00f3 el beneficio de reconocimiento de la inocencia, explic\u00f3 que estuvo m\u00e1s de ocho a\u00f1os en prisi\u00f3n injustificadamente; y destac\u00f3 que el Gobierno de la Maestra Delfina G\u00f3mez muestra sensibilidad y escucha al pueblo.<br><\/p>\n\n\n\n<figure class=\"wp-block-image size-large\"><img decoding=\"async\" width=\"1024\" height=\"503\" src=\"https:\/\/elinformante.mx\/wp-content\/uploads\/2024\/05\/delfina-4-1024x503.jpg\" alt=\"\" class=\"wp-image-53969\" srcset=\"https:\/\/elinformante.mx\/wp-content\/uploads\/2024\/05\/delfina-4-1024x503.jpg 1024w, https:\/\/elinformante.mx\/wp-content\/uploads\/2024\/05\/delfina-4-300x147.jpg 300w, https:\/\/elinformante.mx\/wp-content\/uploads\/2024\/05\/delfina-4-768x377.jpg 768w, https:\/\/elinformante.mx\/wp-content\/uploads\/2024\/05\/delfina-4-580x285.jpg 580w, https:\/\/elinformante.mx\/wp-content\/uploads\/2024\/05\/delfina-4-860x422.jpg 860w, https:\/\/elinformante.mx\/wp-content\/uploads\/2024\/05\/delfina-4.jpg 1140w\" sizes=\"(max-width: 1024px) 100vw, 1024px\" \/><\/figure>\n\n\n\n<p>En esta ceremonia estuvieron presentes Ricardo Sodi Cuellar, Presidente del Tribunal Superior de Justicia y del Consejo de la Judicatura del Estado de M\u00e9xico; Jos\u00e9 Luis Cervantes Mart\u00ednez, Fiscal General de Justicia estatal; Myrna Araceli Garc\u00eda Mor\u00f3n, Presidenta de la Codhem; Jes\u00fas George Zamora, Consejero Jur\u00eddico de la administraci\u00f3n estatal; y Alejandro Viedma Vel\u00e1zquez, Subsecretario General de Gobierno; as\u00ed como representantes de la oficina del Alto Comisionado de la Naciones Unidas para los Derechos Humanos.<br><\/p>\n\n\n\n<p>En septiembre y octubre de 2023 y en enero de este a\u00f1o, la Gobernadora Delfina G\u00f3mez sali\u00f3 de Palacio de Gobierno para visitar el campamento del colectivo \u201cHaz Valer mi Libertad\u201d para atender las peticiones de los integrantes.<br><\/p>\n\n\n\n<p>Al t\u00e9rmino del evento, el colectivo \u201cHaz Valer mi Libertad\u201d retir\u00f3 el plant\u00f3n que manten\u00eda frente a Palacio de Gobierno, desde junio de 2023.que intervinieron, as\u00ed como a los miembros del colectivo que levantaron el plant\u00f3n, \u201cs\u00e9 que para ustedes significaba mucho, y para m\u00ed tambi\u00e9n porque cada que llegaba me encontraba con gente muy generosa y respetuosa (\u2026) agradezco mucho, son bienvenidos\u201d.<br><\/p>\n\n\n\n<p>Al encuentro asistieron funcionarios como el presidente del Poder Judicial, Ricardo Alfredo Sodi Cuellar; el fiscal General del estado, Jos\u00e9 Luis Cervantes; y la titular de la Comisi\u00f3n de Derechos Humanos del Estado de M\u00e9xico, Mirna Garc\u00eda.<\/p>\n","protected":false},"excerpt":{"rendered":"<p>Luego de un a\u00f1o de permanecer en plant\u00f3n frente a palacio de Gobierno en Toluca, el colectivo afirm\u00f3 que hay nuevos funcionarios con nuevas convicciones y valores. La gobernadora del Estado de M\u00e9xico, Maestra Delfina G\u00f3mez \u00c1lvarez anunci\u00f3 la liberaci\u00f3n y atenci\u00f3n a presos inocentes que exig\u00edan la protecci\u00f3n de derechos humanos, al tiempo que [&hellip;]<\/p>\n","protected":false},"author":1,"featured_media":53967,"comment_status":"closed","ping_status":"closed","sticky":false,"template":"","format":"standard","meta":{"footnotes":""},"categories":[30,36,31],"tags":[],"class_list":["post-53966","post","type-post","status-publish","format-standard","has-post-thumbnail","hentry","category-destacado","category-edomex","category-portada"],"_links":{"self":[{"href":"https:\/\/elinformante.mx\/index.php?rest_route=\/wp\/v2\/posts\/53966","targetHints":{"allow":["GET"]}}],"collection":[{"href":"https:\/\/elinformante.mx\/index.php?rest_route=\/wp\/v2\/posts"}],"about":[{"href":"https:\/\/elinformante.mx\/index.php?rest_route=\/wp\/v2\/types\/post"}],"author":[{"embeddable":true,"href":"https:\/\/elinformante.mx\/index.php?rest_route=\/wp\/v2\/users\/1"}],"replies":[{"embeddable":true,"href":"https:\/\/elinformante.mx\/index.php?rest_route=%2Fwp%2Fv2%2Fcomments&post=53966"}],"version-history":[{"count":0,"href":"https:\/\/elinformante.mx\/index.php?rest_route=\/wp\/v2\/posts\/53966\/revisions"}],"wp:featuredmedia":[{"embeddable":true,"href":"https:\/\/elinformante.mx\/index.php?rest_route=\/wp\/v2\/media\/53967"}],"wp:attachment":[{"href":"https:\/\/elinformante.mx\/index.php?rest_route=%2Fwp%2Fv2%2Fmedia&parent=53966"}],"wp:term":[{"taxonomy":"category","embeddable":true,"href":"https:\/\/elinformante.mx\/index.php?rest_route=%2Fwp%2Fv2%2Fcategories&post=53966"},{"taxonomy":"post_tag","embeddable":true,"href":"https:\/\/elinformante.mx\/index.php?rest_route=%2Fwp%2Fv2%2Ftags&post=53966"}],"curies":[{"name":"wp","href":"https:\/\/api.w.org\/{rel}","templated":true}]}}