{"id":53975,"date":"2024-05-10T06:36:29","date_gmt":"2024-05-10T12:36:29","guid":{"rendered":"https:\/\/elinformante.mx\/?p=53975"},"modified":"2024-05-10T06:36:30","modified_gmt":"2024-05-10T12:36:30","slug":"planean-estrenar-nueva-pelicula-de-el-senor-de-los-anillos","status":"publish","type":"post","link":"https:\/\/elinformante.mx\/?p=53975","title":{"rendered":"Planean estrenar nueva pel\u00edcula de \u201cEl se\u00f1or de los anillos\u201d"},"content":{"rendered":"\n<blockquote class=\"wp-block-quote is-layout-flow wp-block-quote-is-layout-flow\">\n<p>Warner Bros anunci\u00f3 que esta nueva producci\u00f3n podr\u00eda llegar a nuestras pantallas en el a\u00f1o 2026.<\/p>\n<\/blockquote>\n\n\n\n<p>Warner Bros confirm\u00f3 este jueves que el director Peter Jackson est\u00e1 trabajando en nuevas pel\u00edculas de \u2018El se\u00f1or de los anillos\u2019 con el objetivo de que la primera de ellas, centrada en el personaje de Gollum y protagonizada por Andy Serkis, se estrene en 2026.<br><\/p>\n\n\n\n<p>El consejero delegado de la compa\u00f1\u00eda, David Zaslav, dijo en una rueda de prensa que se encuentran \u201cen las primeras fases de desarrollo de los guiones\u201d y que \u201cexplorar\u00e1n historias a\u00fan por contar\u201d.<br><\/p>\n\n\n\n<p>Warner Bros anunci\u00f3 por primera vez en 2023 que hab\u00edan llegado a un acuerdo para realizar \u201cm\u00faltiples\u201d pel\u00edculas basadas en la mitolog\u00eda del escritor brit\u00e1nico J. R. R. Tolkien, de la que ya existen tres producciones sobre \u2018El se\u00f1or de los anillos\u2019.<br><\/p>\n\n\n\n<figure class=\"wp-block-image size-large\"><img fetchpriority=\"high\" decoding=\"async\" width=\"1024\" height=\"503\" src=\"https:\/\/elinformante.mx\/wp-content\/uploads\/2024\/05\/15SENOR-1024x503.jpg\" alt=\"\" class=\"wp-image-53977\" srcset=\"https:\/\/elinformante.mx\/wp-content\/uploads\/2024\/05\/15SENOR-1024x503.jpg 1024w, https:\/\/elinformante.mx\/wp-content\/uploads\/2024\/05\/15SENOR-300x147.jpg 300w, https:\/\/elinformante.mx\/wp-content\/uploads\/2024\/05\/15SENOR-768x377.jpg 768w, https:\/\/elinformante.mx\/wp-content\/uploads\/2024\/05\/15SENOR-580x285.jpg 580w, https:\/\/elinformante.mx\/wp-content\/uploads\/2024\/05\/15SENOR-860x422.jpg 860w, https:\/\/elinformante.mx\/wp-content\/uploads\/2024\/05\/15SENOR.jpg 1140w\" sizes=\"(max-width: 1024px) 100vw, 1024px\" \/><\/figure>\n\n\n\n<p>Ahora el estudio revel\u00f3 que Fran Walsh y Philippa Boyens son los guionistas del primer nuevo proyecto que tiene como t\u00edtulo provisional \u201cEl se\u00f1or de los anillos: la caza de Gollum\u201d y que se desarrollar\u00e1 a trav\u00e9s del sello New Line Cinema.<br><\/p>\n\n\n\n<p>\u201cEs un honor y un privilegio viajar de nuevo a la Tierra Media (continente ficticio en el que transcurren la mayor parte de las historias de Tolkien) con nuestro buen amigo y colaborador Andy Serkis, que tiene asuntos pendientes con Gollum\u201d, dijeron el director y los guionistas en un comunicado.<br><\/p>\n\n\n\n<p>Adem\u00e1s, otra pel\u00edcula de animaci\u00f3n sobre la Tierra Media se estrenar\u00e1 el pr\u00f3ximo diciembre a trav\u00e9s de Warner Bros, \u2018El se\u00f1or de los anillos: la guerra de los Rohirrim\u2019, que estar\u00e1 ambientada 200 a\u00f1os antes de los acontecimientos de \u2018El Hobbit\u2019.<br><\/p>\n\n\n\n<p>La trilog\u00eda existente de \u2018El se\u00f1or de los anillos\u2019 recaud\u00f3 casi 3.000 millones de d\u00f3lares a nivel mundial y fue nominada, en total, a 30 premios de la Academia, de los que se llev\u00f3 17.<\/p>\n","protected":false},"excerpt":{"rendered":"<p>Warner Bros anunci\u00f3 que esta nueva producci\u00f3n podr\u00eda llegar a nuestras pantallas en el a\u00f1o 2026. Warner Bros confirm\u00f3 este jueves que el director Peter Jackson est\u00e1 trabajando en nuevas pel\u00edculas de \u2018El se\u00f1or de los anillos\u2019 con el objetivo de que la primera de ellas, centrada en el personaje de Gollum y protagonizada por [&hellip;]<\/p>\n","protected":false},"author":1,"featured_media":53976,"comment_status":"closed","ping_status":"closed","sticky":false,"template":"","format":"standard","meta":{"footnotes":""},"categories":[30,39],"tags":[],"class_list":["post-53975","post","type-post","status-publish","format-standard","has-post-thumbnail","hentry","category-destacado","category-espectaculos"],"_links":{"self":[{"href":"https:\/\/elinformante.mx\/index.php?rest_route=\/wp\/v2\/posts\/53975","targetHints":{"allow":["GET"]}}],"collection":[{"href":"https:\/\/elinformante.mx\/index.php?rest_route=\/wp\/v2\/posts"}],"about":[{"href":"https:\/\/elinformante.mx\/index.php?rest_route=\/wp\/v2\/types\/post"}],"author":[{"embeddable":true,"href":"https:\/\/elinformante.mx\/index.php?rest_route=\/wp\/v2\/users\/1"}],"replies":[{"embeddable":true,"href":"https:\/\/elinformante.mx\/index.php?rest_route=%2Fwp%2Fv2%2Fcomments&post=53975"}],"version-history":[{"count":0,"href":"https:\/\/elinformante.mx\/index.php?rest_route=\/wp\/v2\/posts\/53975\/revisions"}],"wp:featuredmedia":[{"embeddable":true,"href":"https:\/\/elinformante.mx\/index.php?rest_route=\/wp\/v2\/media\/53976"}],"wp:attachment":[{"href":"https:\/\/elinformante.mx\/index.php?rest_route=%2Fwp%2Fv2%2Fmedia&parent=53975"}],"wp:term":[{"taxonomy":"category","embeddable":true,"href":"https:\/\/elinformante.mx\/index.php?rest_route=%2Fwp%2Fv2%2Fcategories&post=53975"},{"taxonomy":"post_tag","embeddable":true,"href":"https:\/\/elinformante.mx\/index.php?rest_route=%2Fwp%2Fv2%2Ftags&post=53975"}],"curies":[{"name":"wp","href":"https:\/\/api.w.org\/{rel}","templated":true}]}}