{"id":53982,"date":"2024-05-10T06:40:01","date_gmt":"2024-05-10T12:40:01","guid":{"rendered":"https:\/\/elinformante.mx\/?p=53982"},"modified":"2024-05-10T06:40:02","modified_gmt":"2024-05-10T12:40:02","slug":"se-cotiza-canelo-alvarez-y-pide-200-mdd-por-pleito-con-benavidez","status":"publish","type":"post","link":"https:\/\/elinformante.mx\/?p=53982","title":{"rendered":"Se cotiza \u201cCanelo\u201d \u00c1lvarez y pide 200 mdd por pleito con Benavidez"},"content":{"rendered":"\n<blockquote class=\"wp-block-quote is-layout-flow wp-block-quote-is-layout-flow\">\n<p>\u2018En este momento puedo exigir y hacer lo que quiera\u2019, dijo el boxeador mexicano, quien el s\u00e1bado pasado retuvo sus cuatro t\u00edtulos al derrotar a Jaime Mungu\u00eda.<\/p>\n<\/blockquote>\n\n\n\n<p>El boxeador mexicano Sa\u00fal \u2018Canelo\u2019 \u00c1lvarez, campe\u00f3n de todas las divisiones del peso supermediano, dijo que una pelea con el estadounidense David Benavidez solo ser\u00e1 posible si le garantizan una bolsa de 200 millones de d\u00f3lares.<br><\/p>\n\n\n\n<p>\u201cSi quiere que pelee con \u00e9l, son 200 millones de d\u00f3lares\u201d, dijo \u00c1lvarez al ser consultado por las posibilidades de medirse con el p\u00fagil de ascendencia mexicana y ecuatoriana, dos veces campe\u00f3n del peso supermediano.<br><\/p>\n\n\n\n<p>Benavidez, retador del Consejo Mundial de Boxeo (CMB), fue campe\u00f3n de 2017 a 2018, y de 2019 a 2020.<br><\/p>\n\n\n\n<p>\u201cEn toda mi carrera la prensa ha exigido que me mida a tal o cual boxeador y todos los que dec\u00edan ya pasaron. En este momento puedo exigir y hacer lo que quiera\u201d, explic\u00f3 el mexicano, quien el s\u00e1bado pasado retuvo sus cuatro t\u00edtulos al derrotar por decisi\u00f3n un\u00e1nime al tambi\u00e9n mexicano Jaime Mungu\u00eda.<br><\/p>\n\n\n\n<p>En su carrera \u2018Canelo\u2019 acumula 61 victorias, 39 antes del l\u00edmite, as\u00ed como dos empates y dos derrotas.<br><\/p>\n\n\n\n<p>Sobre la posibilidad de pelear ante el estadounidense Terence Crawford en Arabia Saud\u00ed, luego de un ofrecimiento p\u00fablico de Turki Al-Sheikh, presidente de la Autoridad General de Entretenimiento de aquel pa\u00eds, Canelo asegur\u00f3 que ir\u00eda si le pagan el doble.<br><\/p>\n\n\n\n<p>\u201cSi me pagan lo doble que gano normalmente, s\u00ed, pero si van a pagar lo mismo, \u00bfpara qu\u00e9?\u201d, puntualiz\u00f3.<\/p>\n","protected":false},"excerpt":{"rendered":"<p>\u2018En este momento puedo exigir y hacer lo que quiera\u2019, dijo el boxeador mexicano, quien el s\u00e1bado pasado retuvo sus cuatro t\u00edtulos al derrotar a Jaime Mungu\u00eda. El boxeador mexicano Sa\u00fal \u2018Canelo\u2019 \u00c1lvarez, campe\u00f3n de todas las divisiones del peso supermediano, dijo que una pelea con el estadounidense David Benavidez solo ser\u00e1 posible si le [&hellip;]<\/p>\n","protected":false},"author":1,"featured_media":53983,"comment_status":"closed","ping_status":"closed","sticky":false,"template":"","format":"standard","meta":{"footnotes":""},"categories":[38,30],"tags":[],"class_list":["post-53982","post","type-post","status-publish","format-standard","has-post-thumbnail","hentry","category-deportes","category-destacado"],"_links":{"self":[{"href":"https:\/\/elinformante.mx\/index.php?rest_route=\/wp\/v2\/posts\/53982","targetHints":{"allow":["GET"]}}],"collection":[{"href":"https:\/\/elinformante.mx\/index.php?rest_route=\/wp\/v2\/posts"}],"about":[{"href":"https:\/\/elinformante.mx\/index.php?rest_route=\/wp\/v2\/types\/post"}],"author":[{"embeddable":true,"href":"https:\/\/elinformante.mx\/index.php?rest_route=\/wp\/v2\/users\/1"}],"replies":[{"embeddable":true,"href":"https:\/\/elinformante.mx\/index.php?rest_route=%2Fwp%2Fv2%2Fcomments&post=53982"}],"version-history":[{"count":0,"href":"https:\/\/elinformante.mx\/index.php?rest_route=\/wp\/v2\/posts\/53982\/revisions"}],"wp:featuredmedia":[{"embeddable":true,"href":"https:\/\/elinformante.mx\/index.php?rest_route=\/wp\/v2\/media\/53983"}],"wp:attachment":[{"href":"https:\/\/elinformante.mx\/index.php?rest_route=%2Fwp%2Fv2%2Fmedia&parent=53982"}],"wp:term":[{"taxonomy":"category","embeddable":true,"href":"https:\/\/elinformante.mx\/index.php?rest_route=%2Fwp%2Fv2%2Fcategories&post=53982"},{"taxonomy":"post_tag","embeddable":true,"href":"https:\/\/elinformante.mx\/index.php?rest_route=%2Fwp%2Fv2%2Ftags&post=53982"}],"curies":[{"name":"wp","href":"https:\/\/api.w.org\/{rel}","templated":true}]}}