{"id":53985,"date":"2024-05-10T06:46:41","date_gmt":"2024-05-10T12:46:41","guid":{"rendered":"https:\/\/elinformante.mx\/?p=53985"},"modified":"2024-05-10T06:46:42","modified_gmt":"2024-05-10T12:46:42","slug":"han-sido-detenidos-nueve-tras-agresiones-en-cch-de-naucalpan","status":"publish","type":"post","link":"https:\/\/elinformante.mx\/?p=53985","title":{"rendered":"Han sido detenidos nueve tras agresiones en CCH de Naucalpan"},"content":{"rendered":"\n<blockquote class=\"wp-block-quote is-layout-flow wp-block-quote-is-layout-flow\">\n<p>La Fiscal\u00eda de Asuntos Especiales, en coordinaci\u00f3n con la Fiscal\u00eda de Adolescentes, investigan el caso, por lo que contin\u00faan recabando pruebas a fin de esclarecer los hechos.<\/p>\n<\/blockquote>\n\n\n\n<p>Luego del ataque de porros en las inmediaciones del Colegio de Ciencias y Humanidades (CCH) en Naucalpan, las autoridades informaron que nueve personas fueron detenidas.<br><\/p>\n\n\n\n<p>Del total de personas aprehendidas, ocho son hombres y una mujer, entre los cuales se encuentran dos menores de edad.<br><\/p>\n\n\n\n<p>Respecto del deceso de un joven estudiante de Derecho, de 20 a\u00f1os, se indic\u00f3 que, de acuerdo con las periciales, la causa fue muerte s\u00fabita por cardiopat\u00eda (problemas del coraz\u00f3n), pues el cuerpo no presenta otras lesiones.<br><\/p>\n\n\n\n<p>Tambi\u00e9n se mencion\u00f3 que la instituci\u00f3n realiza otras pruebas periciales, recaba entrevistas y tambi\u00e9n videos.<br><\/p>\n\n\n\n<p>Se mencion\u00f3 que la Fiscal\u00eda de Asuntos Especiales en coordinaci\u00f3n con la Fiscal\u00eda de Adolescentes investigan el caso, por lo que al momento recaban las pruebas correspondientes.<br><\/p>\n\n\n\n<p>Fue alrededor de las 18:00 horas del mi\u00e9rcoles cuando grupos identificados como \u201cporros\u201d, nutridos por aproximadamente 150 personas del Colegio de Bachilleres de Sat\u00e9lite, agredieron y lanzaron petardos en contra de los estudiantes del CCH Naucalpan de la UNAM.<br><\/p>\n\n\n\n<p>Una vez que llegaron los elementos antimotines de la Secretar\u00eda de Seguridad del Estado de M\u00e9xico, los porros se dispersaron por lo que se localiz\u00f3 sin vida a un estudiante de la Facultad de Estudios Superiores FES-Acatl\u00e1n.<\/p>\n","protected":false},"excerpt":{"rendered":"<p>La Fiscal\u00eda de Asuntos Especiales, en coordinaci\u00f3n con la Fiscal\u00eda de Adolescentes, investigan el caso, por lo que contin\u00faan recabando pruebas a fin de esclarecer los hechos. Luego del ataque de porros en las inmediaciones del Colegio de Ciencias y Humanidades (CCH) en Naucalpan, las autoridades informaron que nueve personas fueron detenidas. Del total de [&hellip;]<\/p>\n","protected":false},"author":1,"featured_media":53986,"comment_status":"closed","ping_status":"closed","sticky":false,"template":"","format":"standard","meta":{"footnotes":""},"categories":[36,37],"tags":[],"class_list":["post-53985","post","type-post","status-publish","format-standard","has-post-thumbnail","hentry","category-edomex","category-justicia"],"_links":{"self":[{"href":"https:\/\/elinformante.mx\/index.php?rest_route=\/wp\/v2\/posts\/53985","targetHints":{"allow":["GET"]}}],"collection":[{"href":"https:\/\/elinformante.mx\/index.php?rest_route=\/wp\/v2\/posts"}],"about":[{"href":"https:\/\/elinformante.mx\/index.php?rest_route=\/wp\/v2\/types\/post"}],"author":[{"embeddable":true,"href":"https:\/\/elinformante.mx\/index.php?rest_route=\/wp\/v2\/users\/1"}],"replies":[{"embeddable":true,"href":"https:\/\/elinformante.mx\/index.php?rest_route=%2Fwp%2Fv2%2Fcomments&post=53985"}],"version-history":[{"count":0,"href":"https:\/\/elinformante.mx\/index.php?rest_route=\/wp\/v2\/posts\/53985\/revisions"}],"wp:featuredmedia":[{"embeddable":true,"href":"https:\/\/elinformante.mx\/index.php?rest_route=\/wp\/v2\/media\/53986"}],"wp:attachment":[{"href":"https:\/\/elinformante.mx\/index.php?rest_route=%2Fwp%2Fv2%2Fmedia&parent=53985"}],"wp:term":[{"taxonomy":"category","embeddable":true,"href":"https:\/\/elinformante.mx\/index.php?rest_route=%2Fwp%2Fv2%2Fcategories&post=53985"},{"taxonomy":"post_tag","embeddable":true,"href":"https:\/\/elinformante.mx\/index.php?rest_route=%2Fwp%2Fv2%2Ftags&post=53985"}],"curies":[{"name":"wp","href":"https:\/\/api.w.org\/{rel}","templated":true}]}}