{"id":53988,"date":"2024-05-10T06:50:11","date_gmt":"2024-05-10T12:50:11","guid":{"rendered":"https:\/\/elinformante.mx\/?p=53988"},"modified":"2024-05-10T06:50:12","modified_gmt":"2024-05-10T12:50:12","slug":"accidente-en-la-mexico-toluca-dos-personas-muertas-y-cuatro-lesionadas","status":"publish","type":"post","link":"https:\/\/elinformante.mx\/?p=53988","title":{"rendered":"Accidente en la M\u00e9xico-Toluca; dos personas muertas y cuatro lesionadas"},"content":{"rendered":"\n<blockquote class=\"wp-block-quote is-layout-flow wp-block-quote-is-layout-flow\">\n<p>Las personas que murieron iban a bordo de una camioneta Pick Up, con placas de circulaci\u00f3n NTP7582; sin embargo, no fueron identificadas en el lugar.<\/p>\n<\/blockquote>\n\n\n\n<p>Dos personas perdieron la vida y cuatro m\u00e1s resultaron lesionadas la madrugada de este jueves en un accidente registrado en la carretera M\u00e9xico-Toluca, a la altura del kil\u00f3metro 42.5, en direcci\u00f3n hacia la capital mexiquense.<br><\/p>\n\n\n\n<p>El choque ocurri\u00f3 entre una camioneta tipo Pick Up, con placas de circulaci\u00f3n NTP7582, y un Volkswagen Jetta color gris, con placas NZW3175, alrededor de las 03:10 horas.<br><\/p>\n\n\n\n<p>Las personas que murieron iban a bordo de la camioneta; una mujer que vest\u00eda pantal\u00f3n azul claro de mezclilla, playera rosa y su\u00e9ter negro; mientras que el hombre de la tercera edad, quien viajaba de copiloto, portaba un pantal\u00f3n negro y una camisa de cuadros azul con rojo.<br><\/p>\n\n\n\n<p>Se dio a conocer que los tripulantes del Jetta que qued\u00f3 volcado a un costado de la carretera, fueron trasladados a un hospital debido a la gravedad de sus heridas.<\/p>\n","protected":false},"excerpt":{"rendered":"<p>Las personas que murieron iban a bordo de una camioneta Pick Up, con placas de circulaci\u00f3n NTP7582; sin embargo, no fueron identificadas en el lugar. Dos personas perdieron la vida y cuatro m\u00e1s resultaron lesionadas la madrugada de este jueves en un accidente registrado en la carretera M\u00e9xico-Toluca, a la altura del kil\u00f3metro 42.5, en [&hellip;]<\/p>\n","protected":false},"author":1,"featured_media":53989,"comment_status":"closed","ping_status":"closed","sticky":false,"template":"","format":"standard","meta":{"footnotes":""},"categories":[36,37],"tags":[],"class_list":["post-53988","post","type-post","status-publish","format-standard","has-post-thumbnail","hentry","category-edomex","category-justicia"],"_links":{"self":[{"href":"https:\/\/elinformante.mx\/index.php?rest_route=\/wp\/v2\/posts\/53988","targetHints":{"allow":["GET"]}}],"collection":[{"href":"https:\/\/elinformante.mx\/index.php?rest_route=\/wp\/v2\/posts"}],"about":[{"href":"https:\/\/elinformante.mx\/index.php?rest_route=\/wp\/v2\/types\/post"}],"author":[{"embeddable":true,"href":"https:\/\/elinformante.mx\/index.php?rest_route=\/wp\/v2\/users\/1"}],"replies":[{"embeddable":true,"href":"https:\/\/elinformante.mx\/index.php?rest_route=%2Fwp%2Fv2%2Fcomments&post=53988"}],"version-history":[{"count":0,"href":"https:\/\/elinformante.mx\/index.php?rest_route=\/wp\/v2\/posts\/53988\/revisions"}],"wp:featuredmedia":[{"embeddable":true,"href":"https:\/\/elinformante.mx\/index.php?rest_route=\/wp\/v2\/media\/53989"}],"wp:attachment":[{"href":"https:\/\/elinformante.mx\/index.php?rest_route=%2Fwp%2Fv2%2Fmedia&parent=53988"}],"wp:term":[{"taxonomy":"category","embeddable":true,"href":"https:\/\/elinformante.mx\/index.php?rest_route=%2Fwp%2Fv2%2Fcategories&post=53988"},{"taxonomy":"post_tag","embeddable":true,"href":"https:\/\/elinformante.mx\/index.php?rest_route=%2Fwp%2Fv2%2Ftags&post=53988"}],"curies":[{"name":"wp","href":"https:\/\/api.w.org\/{rel}","templated":true}]}}