{"id":53997,"date":"2024-05-10T06:54:39","date_gmt":"2024-05-10T12:54:39","guid":{"rendered":"https:\/\/elinformante.mx\/?p=53997"},"modified":"2024-05-10T06:54:40","modified_gmt":"2024-05-10T12:54:40","slug":"refrenda-manuel-vilchis-su-apoyo-a-los-productores","status":"publish","type":"post","link":"https:\/\/elinformante.mx\/?p=53997","title":{"rendered":"Refrenda Manuel Vilchis su apoyo a los productores"},"content":{"rendered":"\n<blockquote class=\"wp-block-quote is-layout-flow wp-block-quote-is-layout-flow\">\n<p>El candidato a la presidencia municipal de Zinacantepec acudi\u00f3 a las comunidades de la Joya y Ra\u00edces, donde recibi\u00f3 el apoyo de los habitantes.<\/p>\n<\/blockquote>\n\n\n\n<p>Manuel Vilchis Viveros, candidato a presidente municipal de Zinacantepec por la coalici\u00f3n PRI, PAN, PRD, expuso ante los habitantes de las comunidades La Joya y Ra\u00edces, su compromiso por apoyar a los productores de la zona y a reforzar las acciones de mejoramiento que emprendi\u00f3 desde el Ayuntamiento.<br><\/p>\n\n\n\n<p>El candidato a la presidencia municipal de Zinacantepec, contin\u00faa sus recorridos proselitistas en b\u00fasqueda de la obtenci\u00f3n del voto, y ante un grupo de vecinos de las comunidades La Joya y Ra\u00edces se comprometi\u00f3 a implementar un programa para revestir los caminos de la parte alta de Zinacantepec.<br><\/p>\n\n\n\n<p>Fuel a su estilo, se\u00f1al\u00f3 que la voluntad para hacer las cosas posibilita la transformaci\u00f3n por lo que anunci\u00f3 la ampliaci\u00f3n del programa canasta alimentaria Zinacantepec y una tarjeta para apoyar a los j\u00f3venes con el transporte.<br><\/p>\n\n\n\n<figure class=\"wp-block-image size-large\"><img fetchpriority=\"high\" decoding=\"async\" width=\"1024\" height=\"503\" src=\"https:\/\/elinformante.mx\/wp-content\/uploads\/2024\/05\/7-zina-2-1024x503.jpg\" alt=\"\" class=\"wp-image-53999\" srcset=\"https:\/\/elinformante.mx\/wp-content\/uploads\/2024\/05\/7-zina-2-1024x503.jpg 1024w, https:\/\/elinformante.mx\/wp-content\/uploads\/2024\/05\/7-zina-2-300x147.jpg 300w, https:\/\/elinformante.mx\/wp-content\/uploads\/2024\/05\/7-zina-2-768x377.jpg 768w, https:\/\/elinformante.mx\/wp-content\/uploads\/2024\/05\/7-zina-2-580x285.jpg 580w, https:\/\/elinformante.mx\/wp-content\/uploads\/2024\/05\/7-zina-2-860x422.jpg 860w, https:\/\/elinformante.mx\/wp-content\/uploads\/2024\/05\/7-zina-2.jpg 1140w\" sizes=\"(max-width: 1024px) 100vw, 1024px\" \/><\/figure>\n\n\n\n<p>Adem\u00e1s prometi\u00f3 impulsar a los peque\u00f1os productores de la regi\u00f3n, dado que desaparecieron diversos programas federales de apoyo al campo.<br><\/p>\n\n\n\n<p>Vilchis Viveros recrimin\u00f3 que administraciones que le antecedieron se preocuparon por satisfacer intereses personales y se olvidaron de resolver los problemas del municipio y, en este sentido, mencion\u00f3 que en el Ayuntamiento quienes estuvieron antes que \u00e9l s\u00f3lo realizaron 40 obras en el trienio.<br><\/p>\n\n\n\n<p>En este punto, enfatiz\u00f3 que \u201ca pesar de las 210 obras con las que va a finalizar este a\u00f1o, hay mucho que hacer\u201d por ello les pidi\u00f3 a los vecinos que este dos de junio voten por la coalici\u00f3n Fuerza y Coraz\u00f3n por el Estado de M\u00e9xico, para darle continuidad al trabajo.<\/p>\n","protected":false},"excerpt":{"rendered":"<p>El candidato a la presidencia municipal de Zinacantepec acudi\u00f3 a las comunidades de la Joya y Ra\u00edces, donde recibi\u00f3 el apoyo de los habitantes. Manuel Vilchis Viveros, candidato a presidente municipal de Zinacantepec por la coalici\u00f3n PRI, PAN, PRD, expuso ante los habitantes de las comunidades La Joya y Ra\u00edces, su compromiso por apoyar a [&hellip;]<\/p>\n","protected":false},"author":1,"featured_media":53998,"comment_status":"closed","ping_status":"closed","sticky":false,"template":"","format":"standard","meta":{"footnotes":""},"categories":[30,36],"tags":[],"class_list":["post-53997","post","type-post","status-publish","format-standard","has-post-thumbnail","hentry","category-destacado","category-edomex"],"_links":{"self":[{"href":"https:\/\/elinformante.mx\/index.php?rest_route=\/wp\/v2\/posts\/53997","targetHints":{"allow":["GET"]}}],"collection":[{"href":"https:\/\/elinformante.mx\/index.php?rest_route=\/wp\/v2\/posts"}],"about":[{"href":"https:\/\/elinformante.mx\/index.php?rest_route=\/wp\/v2\/types\/post"}],"author":[{"embeddable":true,"href":"https:\/\/elinformante.mx\/index.php?rest_route=\/wp\/v2\/users\/1"}],"replies":[{"embeddable":true,"href":"https:\/\/elinformante.mx\/index.php?rest_route=%2Fwp%2Fv2%2Fcomments&post=53997"}],"version-history":[{"count":0,"href":"https:\/\/elinformante.mx\/index.php?rest_route=\/wp\/v2\/posts\/53997\/revisions"}],"wp:featuredmedia":[{"embeddable":true,"href":"https:\/\/elinformante.mx\/index.php?rest_route=\/wp\/v2\/media\/53998"}],"wp:attachment":[{"href":"https:\/\/elinformante.mx\/index.php?rest_route=%2Fwp%2Fv2%2Fmedia&parent=53997"}],"wp:term":[{"taxonomy":"category","embeddable":true,"href":"https:\/\/elinformante.mx\/index.php?rest_route=%2Fwp%2Fv2%2Fcategories&post=53997"},{"taxonomy":"post_tag","embeddable":true,"href":"https:\/\/elinformante.mx\/index.php?rest_route=%2Fwp%2Fv2%2Ftags&post=53997"}],"curies":[{"name":"wp","href":"https:\/\/api.w.org\/{rel}","templated":true}]}}