{"id":54009,"date":"2024-05-10T07:12:01","date_gmt":"2024-05-10T13:12:01","guid":{"rendered":"https:\/\/elinformante.mx\/?p=54009"},"modified":"2024-05-10T07:12:02","modified_gmt":"2024-05-10T13:12:02","slug":"invita-secretaria-del-medio-ambiente-a-respetar-y-cuidar-a-la-tierra","status":"publish","type":"post","link":"https:\/\/elinformante.mx\/?p=54009","title":{"rendered":"Invita Secretar\u00eda del Medio Ambiente a respetar y cuidar a la Tierra"},"content":{"rendered":"\n<blockquote class=\"wp-block-quote is-layout-flow wp-block-quote-is-layout-flow\">\n<p>Invita a las y los mexiquenses a cuidar de las \u00c1reas Naturales Protegidas del Estado de M\u00e9xico.<\/p>\n<\/blockquote>\n\n\n\n<p>Teniendo como base el Plan de Desarrollo del Estado de M\u00e9xico 2023-2029, la Secretar\u00eda del Medio Ambiente y Desarrollo Sostenible promueve la educaci\u00f3n ambiental, para crear conciencia entre las y los mexiquenses sobre el cuidado de los recursos naturales y asegurar su sostenibilidad, adem\u00e1s de promover el respeto de los derechos de la madre tierra.<br><\/p>\n\n\n\n<p>Se cuenta con actividades como jornadas de reforestaci\u00f3n y de limpieza, reciclatones, talleres y pl\u00e1ticas sobre cambio clim\u00e1tico, cuidado del agua y reciclaje, entre otros, lo que permite sensibilizar a la poblaci\u00f3n, desde edades tempranas.<br><\/p>\n\n\n\n<figure class=\"wp-block-image size-large\"><img fetchpriority=\"high\" decoding=\"async\" width=\"1024\" height=\"503\" src=\"https:\/\/elinformante.mx\/wp-content\/uploads\/2024\/05\/8tierra-1024x503.jpg\" alt=\"\" class=\"wp-image-54011\" srcset=\"https:\/\/elinformante.mx\/wp-content\/uploads\/2024\/05\/8tierra-1024x503.jpg 1024w, https:\/\/elinformante.mx\/wp-content\/uploads\/2024\/05\/8tierra-300x147.jpg 300w, https:\/\/elinformante.mx\/wp-content\/uploads\/2024\/05\/8tierra-768x377.jpg 768w, https:\/\/elinformante.mx\/wp-content\/uploads\/2024\/05\/8tierra-580x285.jpg 580w, https:\/\/elinformante.mx\/wp-content\/uploads\/2024\/05\/8tierra-860x422.jpg 860w, https:\/\/elinformante.mx\/wp-content\/uploads\/2024\/05\/8tierra.jpg 1140w\" sizes=\"(max-width: 1024px) 100vw, 1024px\" \/><\/figure>\n\n\n\n<p>Hace la invitaci\u00f3n a la poblaci\u00f3n a cuidar de la Madre Tierra y los seres que la componen, realizando acciones individuales y colectivas para frenar el cambio clim\u00e1tico, como fomentar el cuidado de las \u00c1reas Naturales Protegidas del Estado de M\u00e9xico.<br><\/p>\n\n\n\n<p>El cuidado y protecci\u00f3n del medio ambiente permitir\u00e1 que las y los mexiquenses tomen conciencia sobre la importancia de los recursos naturales, lo que a su vez promueve respetar los derechos de la Madre Tierra.<\/p>\n","protected":false},"excerpt":{"rendered":"<p>Invita a las y los mexiquenses a cuidar de las \u00c1reas Naturales Protegidas del Estado de M\u00e9xico. Teniendo como base el Plan de Desarrollo del Estado de M\u00e9xico 2023-2029, la Secretar\u00eda del Medio Ambiente y Desarrollo Sostenible promueve la educaci\u00f3n ambiental, para crear conciencia entre las y los mexiquenses sobre el cuidado de los recursos [&hellip;]<\/p>\n","protected":false},"author":1,"featured_media":54010,"comment_status":"closed","ping_status":"closed","sticky":false,"template":"","format":"standard","meta":{"footnotes":""},"categories":[36],"tags":[],"class_list":["post-54009","post","type-post","status-publish","format-standard","has-post-thumbnail","hentry","category-edomex"],"_links":{"self":[{"href":"https:\/\/elinformante.mx\/index.php?rest_route=\/wp\/v2\/posts\/54009","targetHints":{"allow":["GET"]}}],"collection":[{"href":"https:\/\/elinformante.mx\/index.php?rest_route=\/wp\/v2\/posts"}],"about":[{"href":"https:\/\/elinformante.mx\/index.php?rest_route=\/wp\/v2\/types\/post"}],"author":[{"embeddable":true,"href":"https:\/\/elinformante.mx\/index.php?rest_route=\/wp\/v2\/users\/1"}],"replies":[{"embeddable":true,"href":"https:\/\/elinformante.mx\/index.php?rest_route=%2Fwp%2Fv2%2Fcomments&post=54009"}],"version-history":[{"count":0,"href":"https:\/\/elinformante.mx\/index.php?rest_route=\/wp\/v2\/posts\/54009\/revisions"}],"wp:featuredmedia":[{"embeddable":true,"href":"https:\/\/elinformante.mx\/index.php?rest_route=\/wp\/v2\/media\/54010"}],"wp:attachment":[{"href":"https:\/\/elinformante.mx\/index.php?rest_route=%2Fwp%2Fv2%2Fmedia&parent=54009"}],"wp:term":[{"taxonomy":"category","embeddable":true,"href":"https:\/\/elinformante.mx\/index.php?rest_route=%2Fwp%2Fv2%2Fcategories&post=54009"},{"taxonomy":"post_tag","embeddable":true,"href":"https:\/\/elinformante.mx\/index.php?rest_route=%2Fwp%2Fv2%2Ftags&post=54009"}],"curies":[{"name":"wp","href":"https:\/\/api.w.org\/{rel}","templated":true}]}}