{"id":54026,"date":"2024-05-10T07:35:31","date_gmt":"2024-05-10T13:35:31","guid":{"rendered":"https:\/\/elinformante.mx\/?p=54026"},"modified":"2024-05-10T07:35:31","modified_gmt":"2024-05-10T13:35:31","slug":"activan-fase-1-de-contingencia-ambiental-y-doble-hoy-no-circula","status":"publish","type":"post","link":"https:\/\/elinformante.mx\/?p=54026","title":{"rendered":"Activan Fase 1 de contingencia ambiental y Doble Hoy No Circula"},"content":{"rendered":"\n<blockquote class=\"wp-block-quote is-layout-flow wp-block-quote-is-layout-flow\">\n<p>Este viernes 10 de mayo, deber\u00e1n suspender su circulaci\u00f3n varios veh\u00edculos, en horario de las 5:00 a las 22:00 horas.<\/p>\n<\/blockquote>\n\n\n\n<p>Paso apenas una semana para que la Comisi\u00f3n Ambiental de la Megal\u00f3polis (CAMe) activara la sexta Fase 1 de contingencia ambiental atmosf\u00e9rica en la Zona Metropolitana del Valle de M\u00e9xico (ZMVM), esto al se\u00f1alar que a las 13:00 horas, hubo concentraciones m\u00e1ximas de ozono de 158 ppb en la estaci\u00f3n de monitoreo Gustavo A Madero, ubicada en la alcald\u00eda capitalina del mismo nombre.<br><\/p>\n\n\n\n<p>\u201cLo anterior, debido a que el sistema de alta presi\u00f3n que ha prevalecido sobre el Valle de M\u00e9xico se fortaleci\u00f3 en lo que va del d\u00eda, generando estabilidad atmosf\u00e9rica con intensidad moderada a fuerte, favoreciendo intensa radiaci\u00f3n solar y viento d\u00e9bil con direcci\u00f3n variable, ocasionando el estancamiento de los contaminantes precursores de ozono sobre la zona noreste del Valle de M\u00e9xico. Esta situaci\u00f3n se combin\u00f3 con temperaturas mayores a los 33 \u00b0C provocando altas concentraciones de ozono en la ZMVM\u201d, indic\u00f3 mediante comunicado el organismo gubernamental.<br><\/p>\n\n\n\n<p>Asimismo, la CAMe abund\u00f3 que con fundamento en los Programas para Prevenir y Responder a Contingencias Ambientales Atmosf\u00e9ricas publicados por los gobiernos de la Ciudad de M\u00e9xico y del Estado de M\u00e9xico, que aplican en la Zona Metropolitana del Valle de M\u00e9xico, es necesario activar la fase 1 de contingencia ambiental por ozono, con el objeto de disminuir la exposici\u00f3n de la poblaci\u00f3n al aire contaminado y el riesgo de afectaci\u00f3n a su salud.<br><\/p>\n\n\n\n<p>Este viernes 10 de mayo, deber\u00e1n suspender su circulaci\u00f3n, en horario de las 5:00 a las 22:00 horas:<br><\/p>\n\n\n\n<p>Los veh\u00edculos de uso particular con holograma de verificaci\u00f3n 2.<br><\/p>\n\n\n\n<p>Los veh\u00edculos de uso particular con holograma de verificaci\u00f3n 1, cuyo \u00faltimo d\u00edgito num\u00e9rico sea 1, 3, 5, 7, 9 y 0.<br><\/p>\n\n\n\n<p>Los veh\u00edculos de uso particular con holograma de verificaci\u00f3n 00 y 0, engomado azul, terminaci\u00f3n de placa 9 y 0.<br><\/p>\n\n\n\n<p>Las unidades que no porten holograma de verificaci\u00f3n, como los veh\u00edculos antiguos, de demostraci\u00f3n o traslado, nuevos, los que tienen pase tur\u00edstico, placas for\u00e1neas o con placas formadas por letras, les aplica la misma restricci\u00f3n que a los veh\u00edculos que portan holograma 2.<br><\/p>\n\n\n\n<p>Restricci\u00f3n a la circulaci\u00f3n del 50% de las unidades de reparto de gas L.P. a tanques estacionarios, que no cuenten con v\u00e1lvula de desconexi\u00f3n seca, cuya terminaci\u00f3n de matr\u00edcula sea NON.<br><\/p>\n\n\n\n<p>Los veh\u00edculos de carga local o federal, dejan de circular entre las 6:00 y las 10:00 horas, con excepci\u00f3n de aquellos que se encuentren en el Programa de Autorregulaci\u00f3n de la CDMX o del Edom\u00e9x.<br><\/p>\n\n\n\n<p>Los taxis con holograma de verificaci\u00f3n \u201c00\u201d, \u201c0\u201d, \u201c1\u201d o \u201c2\u201d que deban dejar de circular de acuerdo a las disposiciones indicadas en los incisos 1), 2), y 3), les aplicar\u00e1 la restricci\u00f3n a la circulaci\u00f3n de las 10:00 a las 22:00 horas.<\/p>\n","protected":false},"excerpt":{"rendered":"<p>Este viernes 10 de mayo, deber\u00e1n suspender su circulaci\u00f3n varios veh\u00edculos, en horario de las 5:00 a las 22:00 horas. Paso apenas una semana para que la Comisi\u00f3n Ambiental de la Megal\u00f3polis (CAMe) activara la sexta Fase 1 de contingencia ambiental atmosf\u00e9rica en la Zona Metropolitana del Valle de M\u00e9xico (ZMVM), esto al se\u00f1alar que [&hellip;]<\/p>\n","protected":false},"author":1,"featured_media":54027,"comment_status":"closed","ping_status":"closed","sticky":false,"template":"","format":"standard","meta":{"footnotes":""},"categories":[35],"tags":[],"class_list":["post-54026","post","type-post","status-publish","format-standard","has-post-thumbnail","hentry","category-cdmx"],"_links":{"self":[{"href":"https:\/\/elinformante.mx\/index.php?rest_route=\/wp\/v2\/posts\/54026","targetHints":{"allow":["GET"]}}],"collection":[{"href":"https:\/\/elinformante.mx\/index.php?rest_route=\/wp\/v2\/posts"}],"about":[{"href":"https:\/\/elinformante.mx\/index.php?rest_route=\/wp\/v2\/types\/post"}],"author":[{"embeddable":true,"href":"https:\/\/elinformante.mx\/index.php?rest_route=\/wp\/v2\/users\/1"}],"replies":[{"embeddable":true,"href":"https:\/\/elinformante.mx\/index.php?rest_route=%2Fwp%2Fv2%2Fcomments&post=54026"}],"version-history":[{"count":0,"href":"https:\/\/elinformante.mx\/index.php?rest_route=\/wp\/v2\/posts\/54026\/revisions"}],"wp:featuredmedia":[{"embeddable":true,"href":"https:\/\/elinformante.mx\/index.php?rest_route=\/wp\/v2\/media\/54027"}],"wp:attachment":[{"href":"https:\/\/elinformante.mx\/index.php?rest_route=%2Fwp%2Fv2%2Fmedia&parent=54026"}],"wp:term":[{"taxonomy":"category","embeddable":true,"href":"https:\/\/elinformante.mx\/index.php?rest_route=%2Fwp%2Fv2%2Fcategories&post=54026"},{"taxonomy":"post_tag","embeddable":true,"href":"https:\/\/elinformante.mx\/index.php?rest_route=%2Fwp%2Fv2%2Ftags&post=54026"}],"curies":[{"name":"wp","href":"https:\/\/api.w.org\/{rel}","templated":true}]}}