{"id":54029,"date":"2024-05-10T07:37:11","date_gmt":"2024-05-10T13:37:11","guid":{"rendered":"https:\/\/elinformante.mx\/?p=54029"},"modified":"2024-05-10T07:37:12","modified_gmt":"2024-05-10T13:37:12","slug":"marti-batres-destaca-basificacion-a-4-mil-878-trabajadores-de-la-salud","status":"publish","type":"post","link":"https:\/\/elinformante.mx\/?p=54029","title":{"rendered":"Mart\u00ed Batres destaca basificaci\u00f3n a 4 mil 878 trabajadores de la salud"},"content":{"rendered":"\n<blockquote class=\"wp-block-quote is-layout-flow wp-block-quote-is-layout-flow\">\n<p>El jefe de Gobierno capitalino asegur\u00f3 que la CDMX es una de las ciudades m\u00e1s beneficiadas.<\/p>\n<\/blockquote>\n\n\n\n<p>El jefe de Gobierno de la Ciudad de M\u00e9xico, Mart\u00ed Batres Guadarrama, anunci\u00f3 la basificaci\u00f3n de 4 mil 878 trabajadores del sector salud capitalino que laboraron durante la emergencia sanitaria de COVID-19 y que ten\u00edan contratos eventuales.<br><\/p>\n\n\n\n<p>En conferencia de prensa en el Palacio del Ayuntamiento, dijo que se trata de una segunda etapa de basificaci\u00f3n, ya que hace unos meses se dio la primera etapa de basificaci\u00f3n de personal de la salud.<br><\/p>\n\n\n\n<figure class=\"wp-block-image size-large\"><img fetchpriority=\"high\" decoding=\"async\" width=\"1024\" height=\"503\" src=\"https:\/\/elinformante.mx\/wp-content\/uploads\/2024\/05\/5BATRES-2-5-1024x503.jpg\" alt=\"\" class=\"wp-image-54031\" srcset=\"https:\/\/elinformante.mx\/wp-content\/uploads\/2024\/05\/5BATRES-2-5-1024x503.jpg 1024w, https:\/\/elinformante.mx\/wp-content\/uploads\/2024\/05\/5BATRES-2-5-300x147.jpg 300w, https:\/\/elinformante.mx\/wp-content\/uploads\/2024\/05\/5BATRES-2-5-768x377.jpg 768w, https:\/\/elinformante.mx\/wp-content\/uploads\/2024\/05\/5BATRES-2-5-580x285.jpg 580w, https:\/\/elinformante.mx\/wp-content\/uploads\/2024\/05\/5BATRES-2-5-860x422.jpg 860w, https:\/\/elinformante.mx\/wp-content\/uploads\/2024\/05\/5BATRES-2-5.jpg 1140w\" sizes=\"(max-width: 1024px) 100vw, 1024px\" \/><\/figure>\n\n\n\n<p>Mart\u00ed Batres precis\u00f3 que se trata de 2 mil 091 trabajadores que laboraron en los servicios de atenci\u00f3n inmediata del COVID-19, y 2 mil 786 que eran personal eventual. Son 551 m\u00e9dicos especialistas, 935 de rama m\u00e9dica, 2 mil 123 de enfermer\u00eda, 995 personal param\u00e9dico, 240 de rama af\u00edn y 33 de acci\u00f3n comunitaria.<br><\/p>\n\n\n\n<p>Por su parte, el director general del IMSS, Zo\u00e9 Robledo expuso que por cuestiones presupuestales los gobiernos anteriores no basificaron al personal de salud, sin embargo con la nueva visi\u00f3n del gobierno de la Cuarta Transformaci\u00f3n se da estabilidad laboral a los trabajadores.<br><\/p>\n\n\n\n<p>\u201cEsta basificaci\u00f3n en el total, tanto de los que basificamos el a\u00f1o pasado de 6 mil, m\u00e1s los 4 mil 800 de este de este a\u00f1o, el costo, la inversi\u00f3n, m\u00e1s bien, para el gobierno federal es de 7 mil 942 millones de pesos de una n\u00f3mina de basificaci\u00f3n, porque siempre se buscaba que los contratos eventuales precarios costar\u00e1n menos, entonces se presum\u00edan muchas veces obras y dem\u00e1s, pero no se aclara que los condiciones laborales de los trabajadores\u201d, precis\u00f3.<\/p>\n","protected":false},"excerpt":{"rendered":"<p>El jefe de Gobierno capitalino asegur\u00f3 que la CDMX es una de las ciudades m\u00e1s beneficiadas. El jefe de Gobierno de la Ciudad de M\u00e9xico, Mart\u00ed Batres Guadarrama, anunci\u00f3 la basificaci\u00f3n de 4 mil 878 trabajadores del sector salud capitalino que laboraron durante la emergencia sanitaria de COVID-19 y que ten\u00edan contratos eventuales. En conferencia [&hellip;]<\/p>\n","protected":false},"author":1,"featured_media":54030,"comment_status":"closed","ping_status":"closed","sticky":false,"template":"","format":"standard","meta":{"footnotes":""},"categories":[35,30],"tags":[],"class_list":["post-54029","post","type-post","status-publish","format-standard","has-post-thumbnail","hentry","category-cdmx","category-destacado"],"_links":{"self":[{"href":"https:\/\/elinformante.mx\/index.php?rest_route=\/wp\/v2\/posts\/54029","targetHints":{"allow":["GET"]}}],"collection":[{"href":"https:\/\/elinformante.mx\/index.php?rest_route=\/wp\/v2\/posts"}],"about":[{"href":"https:\/\/elinformante.mx\/index.php?rest_route=\/wp\/v2\/types\/post"}],"author":[{"embeddable":true,"href":"https:\/\/elinformante.mx\/index.php?rest_route=\/wp\/v2\/users\/1"}],"replies":[{"embeddable":true,"href":"https:\/\/elinformante.mx\/index.php?rest_route=%2Fwp%2Fv2%2Fcomments&post=54029"}],"version-history":[{"count":0,"href":"https:\/\/elinformante.mx\/index.php?rest_route=\/wp\/v2\/posts\/54029\/revisions"}],"wp:featuredmedia":[{"embeddable":true,"href":"https:\/\/elinformante.mx\/index.php?rest_route=\/wp\/v2\/media\/54030"}],"wp:attachment":[{"href":"https:\/\/elinformante.mx\/index.php?rest_route=%2Fwp%2Fv2%2Fmedia&parent=54029"}],"wp:term":[{"taxonomy":"category","embeddable":true,"href":"https:\/\/elinformante.mx\/index.php?rest_route=%2Fwp%2Fv2%2Fcategories&post=54029"},{"taxonomy":"post_tag","embeddable":true,"href":"https:\/\/elinformante.mx\/index.php?rest_route=%2Fwp%2Fv2%2Ftags&post=54029"}],"curies":[{"name":"wp","href":"https:\/\/api.w.org\/{rel}","templated":true}]}}