{"id":54036,"date":"2024-05-10T07:40:46","date_gmt":"2024-05-10T13:40:46","guid":{"rendered":"https:\/\/elinformante.mx\/?p=54036"},"modified":"2024-05-10T07:40:47","modified_gmt":"2024-05-10T13:40:47","slug":"hay-riesgo-de-violencia-en-29-de-secciones-electorales-pan-pri-prd","status":"publish","type":"post","link":"https:\/\/elinformante.mx\/?p=54036","title":{"rendered":"Hay riesgo de violencia en 29% de secciones electorales: PAN-PRI-PRD"},"content":{"rendered":"\n<blockquote class=\"wp-block-quote is-layout-flow wp-block-quote-is-layout-flow\">\n<p>Los dirigentes partidistas aseguran que el peligro se cierne no solamente hacia los candidatos, sino tambi\u00e9n a los votantes y la ciudadan\u00eda en general.<\/p>\n<\/blockquote>\n\n\n\n<p>La coalici\u00f3n Fuerza y Coraz\u00f3n por M\u00e9xico (PAN-PRI-PRD) dio a conocer un mapa de riesgo que elaboraron de cara a los comicios del 2 de junio, donde se indica que hasta 29% de las secciones electorales del pa\u00eds tienen un nivel de riesgo alto y medio, tanto para candidatos como para electores el d\u00eda de la votaci\u00f3n.<br><\/p>\n\n\n\n<p>Fue en conferencia de prensa donde el coordinador de la campa\u00f1a, Santiago Creel Miranda, indic\u00f3 que est\u00e1 informaci\u00f3n se har\u00e1 llegar al Instituto Nacional Electoral (INE), al Tribunal Electoral del Poder Judicial de la Federaci\u00f3n (TEPJF), a las secretar\u00edas de Defensa Nacional, de Marina, de Seguridad y Protecci\u00f3n Ciudadana, Guardia Nacional y Fiscal\u00eda Especializada en Materia de Delitos Electorales para que tomen las acciones necesarias.<br><\/p>\n\n\n\n<p>De paso, Creel conden\u00f3 la omisi\u00f3n en que incurri\u00f3 la autoridad electoral ante el ordenamiento del TEPJF para que se elaborara de este mapa de riesgo.<br><\/p>\n\n\n\n<p>Acerca de los datos y la metodolog\u00eda utilizada, la secretaria general de Acci\u00f3n Nacional, Noem\u00ed Luna, detall\u00f3 que se hizo en coordinaci\u00f3n con los tres institutos pol\u00edticos, con los registros de hechos de violencia sucedidos recientemente, los ocurridos en los pasados procesos electorales y las condiciones potenciales de violencia pol\u00edtica.<br><\/p>\n\n\n\n<p>\u201cPero quiero destacar que aunque los construimos con los actores locales desde lo municipal y estatal, no son datos que nos invitamos, son datos cotejados con los estudios y reportes sobre violencia de Data C\u00edvica, M\u00e9xico Eval\u00faa, Integralia y el sem\u00e1foro delictivo\u201d, precis\u00f3 la panista.<br><\/p>\n\n\n\n<p>Creel se\u00f1al\u00f3 que seg\u00fan datos de la asociaci\u00f3n Laboratorio Electoral se han asesinado a 63 aspirantes o personas relacionadas con el actual proceso electoral por lo que lo presentado el d\u00eda de hoy es una alerta temprana a las autoridades para garantizar una elecci\u00f3n en paz y libre.<br><\/p>\n\n\n\n<p>\u201cLa tr\u00e1gica situaci\u00f3n de violencia electoral que se vive en el pa\u00eds es una de las amenazas m\u00e1s graves de nuestra democracia. Desde el a\u00f1o 2018 se han producido numerosos actos de violencia pol\u00edtica qu\u00e9 alteran el sistema democr\u00e1tico garantizado en la Constituci\u00f3n\u201d, expuso Creel.<br><\/p>\n\n\n\n<p>El coordinador territorial de la campa\u00f1a de Fuerza y Coraz\u00f3n por M\u00e9xico, Rub\u00e9n Moreira se\u00f1al\u00f3 que les preocupa la descalificaci\u00f3n que se hace desde la autoridad, comenzando por la titular de la Secretar\u00eda de Seguridad y Protecci\u00f3n Ciudadana, Rosa Icela Rodr\u00edguez. \u201cLa se\u00f1ora parece no atender el problema que hoy tenemos. Lo segundo que nos preocupa son las medidas que hasta ahora se han tomado que consideramos son insuficientes, no es lo mismo la protecci\u00f3n de los candidatos a la garant\u00eda de seguridad para el desarrollo de la elecci\u00f3n que implica muchas otras cosas\u201d, dijo el tambi\u00e9n l\u00edder de los diputados federales del PRI.<br><\/p>\n\n\n\n<p>Agreg\u00f3 que tambi\u00e9n es preocupante el que no se haya cumplido la sentencia que emiti\u00f3 el TEPJF al INE para que se haga p\u00fablico o por lo menos se comunique a las autoridades municipales y estatales los mapas de riesgo y ellos tomen las medidas conducentes.<br><\/p>\n\n\n\n<p>El dirigente nacional del Partido de la Revoluci\u00f3n Democr\u00e1tica (PRD), Jes\u00fas Zambrano, exigi\u00f3 al presidente L\u00f3pez Obrador que saque las manos del proceso electoral y a las autoridades que tomen en consideraci\u00f3n la informaci\u00f3n que elaboraron para que se garanticen unas elecciones en paz.<br><\/p>\n\n\n\n<p>Seg\u00fan la informaci\u00f3n recopilada por la alianza opositora, los estados con mayor riesgo de violencia en sus secciones electorales son Quintana Roo con 93.06%; Tabasco con 85.79%; Guerrero con 83.57%; Zacatecas, 79.23%; Ciudad de M\u00e9xico con 55.39%; Veracruz, con 55.16%; Morelos, con 52.02%; Sonora, 51.05% y Nayarit con 48.35%.<\/p>\n","protected":false},"excerpt":{"rendered":"<p>Los dirigentes partidistas aseguran que el peligro se cierne no solamente hacia los candidatos, sino tambi\u00e9n a los votantes y la ciudadan\u00eda en general. La coalici\u00f3n Fuerza y Coraz\u00f3n por M\u00e9xico (PAN-PRI-PRD) dio a conocer un mapa de riesgo que elaboraron de cara a los comicios del 2 de junio, donde se indica que hasta [&hellip;]<\/p>\n","protected":false},"author":1,"featured_media":54037,"comment_status":"closed","ping_status":"closed","sticky":false,"template":"","format":"standard","meta":{"footnotes":""},"categories":[30,34],"tags":[],"class_list":["post-54036","post","type-post","status-publish","format-standard","has-post-thumbnail","hentry","category-destacado","category-nacional"],"_links":{"self":[{"href":"https:\/\/elinformante.mx\/index.php?rest_route=\/wp\/v2\/posts\/54036","targetHints":{"allow":["GET"]}}],"collection":[{"href":"https:\/\/elinformante.mx\/index.php?rest_route=\/wp\/v2\/posts"}],"about":[{"href":"https:\/\/elinformante.mx\/index.php?rest_route=\/wp\/v2\/types\/post"}],"author":[{"embeddable":true,"href":"https:\/\/elinformante.mx\/index.php?rest_route=\/wp\/v2\/users\/1"}],"replies":[{"embeddable":true,"href":"https:\/\/elinformante.mx\/index.php?rest_route=%2Fwp%2Fv2%2Fcomments&post=54036"}],"version-history":[{"count":0,"href":"https:\/\/elinformante.mx\/index.php?rest_route=\/wp\/v2\/posts\/54036\/revisions"}],"wp:featuredmedia":[{"embeddable":true,"href":"https:\/\/elinformante.mx\/index.php?rest_route=\/wp\/v2\/media\/54037"}],"wp:attachment":[{"href":"https:\/\/elinformante.mx\/index.php?rest_route=%2Fwp%2Fv2%2Fmedia&parent=54036"}],"wp:term":[{"taxonomy":"category","embeddable":true,"href":"https:\/\/elinformante.mx\/index.php?rest_route=%2Fwp%2Fv2%2Fcategories&post=54036"},{"taxonomy":"post_tag","embeddable":true,"href":"https:\/\/elinformante.mx\/index.php?rest_route=%2Fwp%2Fv2%2Ftags&post=54036"}],"curies":[{"name":"wp","href":"https:\/\/api.w.org\/{rel}","templated":true}]}}