{"id":54039,"date":"2024-05-10T07:42:12","date_gmt":"2024-05-10T13:42:12","guid":{"rendered":"https:\/\/elinformante.mx\/?p=54039"},"modified":"2024-05-10T07:42:13","modified_gmt":"2024-05-10T13:42:13","slug":"despliegan-imponente-operativo-de-seguridad-en-acapulco-por-la-violencia","status":"publish","type":"post","link":"https:\/\/elinformante.mx\/?p=54039","title":{"rendered":"Despliegan imponente operativo de seguridad en Acapulco por la violencia"},"content":{"rendered":"\n<blockquote class=\"wp-block-quote is-layout-flow wp-block-quote-is-layout-flow\">\n<p>Efectivos de la Guardia Nacional, Ej\u00e9rcito Mexicano, polic\u00edas preventivos y estatales, recorren los 12 kil\u00f3metros de la costera y zona federal.<\/p>\n<\/blockquote>\n\n\n\n<p>Los tres niveles de gobierno incrementaron el despliegue de efectivos en la Costera Miguel Alem\u00e1n y en playas del puerto de Acapulco, como parte de la estrategia de combate a la escalada de violencia que se mantiene en la zona tur\u00edstica.<br><\/p>\n\n\n\n<p>A partir de este jueves, efectivos de la Guardia Nacional, Ej\u00e9rcito Mexicano, preventivos y policiales estatales, recorren los 12 kil\u00f3metros de la costera y zona federal.<br><\/p>\n\n\n\n<p>El despliegue policiaco tiene como finalidad el inhibir el problema de violencia que se sigue registrando en la principal avenida del puerto de Acapulco.<br><\/p>\n\n\n\n<p>Sin embargo, hay quienes consideran que este espectacular despliegue de fuerza no es una soluci\u00f3n al problema de inseguridad si no se cuenta con una estrategia efectiva para combatir a los grupos delictivos.<br><\/p>\n\n\n\n<p>Hay que mencionar que tan solo de enero a diciembre del 2023, en Acapulco se registraron 465 homicidios dolosos de estos 45 fueron en contra de mujeres y 420 fueron hombres, mientras que d enero al mes de abril de este a\u00f1o, se registran m\u00e1s de 14 casos de violencia en la zona tur\u00edstica.<br><\/p>\n\n\n\n<p>Desde el mes de diciembre, en Acapulco se tiene un despliegue de m\u00e1s de diez mil elementos de seguridad de la Guardia Nacional, adem\u00e1s del Ejercicio Mexicano, Polic\u00edas Estatales y municipales.<\/p>\n","protected":false},"excerpt":{"rendered":"<p>Efectivos de la Guardia Nacional, Ej\u00e9rcito Mexicano, polic\u00edas preventivos y estatales, recorren los 12 kil\u00f3metros de la costera y zona federal. Los tres niveles de gobierno incrementaron el despliegue de efectivos en la Costera Miguel Alem\u00e1n y en playas del puerto de Acapulco, como parte de la estrategia de combate a la escalada de violencia [&hellip;]<\/p>\n","protected":false},"author":1,"featured_media":54040,"comment_status":"closed","ping_status":"closed","sticky":false,"template":"","format":"standard","meta":{"footnotes":""},"categories":[34],"tags":[],"class_list":["post-54039","post","type-post","status-publish","format-standard","has-post-thumbnail","hentry","category-nacional"],"_links":{"self":[{"href":"https:\/\/elinformante.mx\/index.php?rest_route=\/wp\/v2\/posts\/54039","targetHints":{"allow":["GET"]}}],"collection":[{"href":"https:\/\/elinformante.mx\/index.php?rest_route=\/wp\/v2\/posts"}],"about":[{"href":"https:\/\/elinformante.mx\/index.php?rest_route=\/wp\/v2\/types\/post"}],"author":[{"embeddable":true,"href":"https:\/\/elinformante.mx\/index.php?rest_route=\/wp\/v2\/users\/1"}],"replies":[{"embeddable":true,"href":"https:\/\/elinformante.mx\/index.php?rest_route=%2Fwp%2Fv2%2Fcomments&post=54039"}],"version-history":[{"count":0,"href":"https:\/\/elinformante.mx\/index.php?rest_route=\/wp\/v2\/posts\/54039\/revisions"}],"wp:featuredmedia":[{"embeddable":true,"href":"https:\/\/elinformante.mx\/index.php?rest_route=\/wp\/v2\/media\/54040"}],"wp:attachment":[{"href":"https:\/\/elinformante.mx\/index.php?rest_route=%2Fwp%2Fv2%2Fmedia&parent=54039"}],"wp:term":[{"taxonomy":"category","embeddable":true,"href":"https:\/\/elinformante.mx\/index.php?rest_route=%2Fwp%2Fv2%2Fcategories&post=54039"},{"taxonomy":"post_tag","embeddable":true,"href":"https:\/\/elinformante.mx\/index.php?rest_route=%2Fwp%2Fv2%2Ftags&post=54039"}],"curies":[{"name":"wp","href":"https:\/\/api.w.org\/{rel}","templated":true}]}}