{"id":54048,"date":"2024-05-10T07:48:43","date_gmt":"2024-05-10T13:48:43","guid":{"rendered":"https:\/\/elinformante.mx\/?p=54048"},"modified":"2024-05-10T07:48:44","modified_gmt":"2024-05-10T13:48:44","slug":"sheinbaum-dice-que-ella-es-el-pueblo-y-que-ninguna-calumnia-la-va-a-vencer","status":"publish","type":"post","link":"https:\/\/elinformante.mx\/?p=54048","title":{"rendered":"Sheinbaum dice que ella \u201ces el pueblo\u201d y que ninguna calumnia la va a vencer"},"content":{"rendered":"\n<blockquote class=\"wp-block-quote is-layout-flow wp-block-quote-is-layout-flow\">\n<p>La candidata presidencial de la coalici\u00f3n Sigamos Haciendo Historia se\u00f1al\u00f3 que el arma m\u00e1s poderosa de los mexicanos es la credencial de elector.<\/p>\n<\/blockquote>\n\n\n\n<p>\u201cNinguna calumnia nos va a vencer porque somos mucha pieza el pueblo de M\u00e9xico\u201d, asegur\u00f3 la candidata presidencial de la coalici\u00f3n Sigamos Haciendo Historia, Claudia Sheinbaum Pardo, al hacer un llamado a los ciudadanos a votar masivamente este 2 de junio.<br><\/p>\n\n\n\n<p>Durante un mitin en Veracruz, en compa\u00f1\u00eda de Roc\u00edo Nahle, candidata a la gubernatura, Sheinbaum se\u00f1al\u00f3 que el arma m\u00e1s poderosa de los mexicanos es la credencial de elector para la paz y transformaci\u00f3n, por lo que asegur\u00f3 que se dar\u00e1 un ejemplo al mundo entero ya que conf\u00edo que los mexicanos decidir\u00e1n seguir con la autollamada cuarta transformaci\u00f3n.<br><\/p>\n\n\n\n<p>Aclar\u00f3 que el voto de los mexicanos vale lo mismo, \u201cvale lo mismos el del m\u00e1s rico que del m\u00e1s pobre. Vale lo mismo nuestra credencial de elector que es el arma m\u00e1s poderosa que tenemos en un d\u00eda\u201d.<br><\/p>\n\n\n\n<p>\u201c(\u2026) vayamos juntos a ejercer nuestro voto, y vamos a darle un ejemplo al mundo, al mundo entero, de que, en M\u00e9xico, el pueblo de M\u00e9xico quiere seguir transformando nuestro pa\u00eds para el bienestar de su pueblo, para nuestra soberan\u00eda, y para la defensa de nuestra naci\u00f3n\u201d, destac\u00f3 la abanderada presidencial de Morena, Partido del Trabajo, y Partido Verde Ecologista.<br><\/p>\n\n\n\n<figure class=\"wp-block-image size-large\"><img fetchpriority=\"high\" decoding=\"async\" width=\"1024\" height=\"503\" src=\"https:\/\/elinformante.mx\/wp-content\/uploads\/2024\/05\/10SHEINBAUM-6-1024x503.jpg\" alt=\"\" class=\"wp-image-54050\" srcset=\"https:\/\/elinformante.mx\/wp-content\/uploads\/2024\/05\/10SHEINBAUM-6-1024x503.jpg 1024w, https:\/\/elinformante.mx\/wp-content\/uploads\/2024\/05\/10SHEINBAUM-6-300x147.jpg 300w, https:\/\/elinformante.mx\/wp-content\/uploads\/2024\/05\/10SHEINBAUM-6-768x377.jpg 768w, https:\/\/elinformante.mx\/wp-content\/uploads\/2024\/05\/10SHEINBAUM-6-580x285.jpg 580w, https:\/\/elinformante.mx\/wp-content\/uploads\/2024\/05\/10SHEINBAUM-6-860x422.jpg 860w, https:\/\/elinformante.mx\/wp-content\/uploads\/2024\/05\/10SHEINBAUM-6.jpg 1140w\" sizes=\"(max-width: 1024px) 100vw, 1024px\" \/><\/figure>\n\n\n\n<p>Antes, la morenista asegur\u00f3 que la oposici\u00f3n est\u00e1 enojada porque cada vez bajan m\u00e1s en las encuestas.<br><\/p>\n\n\n\n<p>\u201cLes da verg\u00fcenza que son del PRI Y PAN, a nosotros nunca nos da verg\u00fcenza que somos de Morena\u201d, coment\u00f3 la abanderada presidencial.<br><\/p>\n\n\n\n<p>En el Parque General Marcos Carrillo, y ante una temperatura de 45 grados cent\u00edgrados, Sheinbaum Pardo asegur\u00f3 que estar\u00e1 a la altura de las circunstancias, y que ninguna noticia ni calumnia los va a dejar vencer rumbo a los siguientes comicios.<br><\/p>\n\n\n\n<p>\u201cPor nosotros s\u00e9panlo bien, vamos a estar a la altura de las circunstancias, ninguna falsa noticia, ninguna calumnia nos va a vencer porque somos mucha pieza el pueblo de M\u00e9xico, y este 2 de junio que sepan que vamos a defender con toda la democracia de M\u00e9xico\u201d, mencion\u00f3.<br><\/p>\n\n\n\n<p>\u201cVamos a salir a votar masivamente, (\u2026) nosotros llevamos en el coraz\u00f3n los principios de Morena, nosotros no mentimos, no robamos, y nunca vamos a traicionar al pueblo de M\u00e9xico\u201d, se comprometi\u00f3 la candidata presidencial de Morena.<\/p>\n","protected":false},"excerpt":{"rendered":"<p>La candidata presidencial de la coalici\u00f3n Sigamos Haciendo Historia se\u00f1al\u00f3 que el arma m\u00e1s poderosa de los mexicanos es la credencial de elector. \u201cNinguna calumnia nos va a vencer porque somos mucha pieza el pueblo de M\u00e9xico\u201d, asegur\u00f3 la candidata presidencial de la coalici\u00f3n Sigamos Haciendo Historia, Claudia Sheinbaum Pardo, al hacer un llamado a [&hellip;]<\/p>\n","protected":false},"author":1,"featured_media":54049,"comment_status":"closed","ping_status":"closed","sticky":false,"template":"","format":"standard","meta":{"footnotes":""},"categories":[34],"tags":[],"class_list":["post-54048","post","type-post","status-publish","format-standard","has-post-thumbnail","hentry","category-nacional"],"_links":{"self":[{"href":"https:\/\/elinformante.mx\/index.php?rest_route=\/wp\/v2\/posts\/54048","targetHints":{"allow":["GET"]}}],"collection":[{"href":"https:\/\/elinformante.mx\/index.php?rest_route=\/wp\/v2\/posts"}],"about":[{"href":"https:\/\/elinformante.mx\/index.php?rest_route=\/wp\/v2\/types\/post"}],"author":[{"embeddable":true,"href":"https:\/\/elinformante.mx\/index.php?rest_route=\/wp\/v2\/users\/1"}],"replies":[{"embeddable":true,"href":"https:\/\/elinformante.mx\/index.php?rest_route=%2Fwp%2Fv2%2Fcomments&post=54048"}],"version-history":[{"count":0,"href":"https:\/\/elinformante.mx\/index.php?rest_route=\/wp\/v2\/posts\/54048\/revisions"}],"wp:featuredmedia":[{"embeddable":true,"href":"https:\/\/elinformante.mx\/index.php?rest_route=\/wp\/v2\/media\/54049"}],"wp:attachment":[{"href":"https:\/\/elinformante.mx\/index.php?rest_route=%2Fwp%2Fv2%2Fmedia&parent=54048"}],"wp:term":[{"taxonomy":"category","embeddable":true,"href":"https:\/\/elinformante.mx\/index.php?rest_route=%2Fwp%2Fv2%2Fcategories&post=54048"},{"taxonomy":"post_tag","embeddable":true,"href":"https:\/\/elinformante.mx\/index.php?rest_route=%2Fwp%2Fv2%2Ftags&post=54048"}],"curies":[{"name":"wp","href":"https:\/\/api.w.org\/{rel}","templated":true}]}}