{"id":54052,"date":"2024-05-10T07:52:14","date_gmt":"2024-05-10T13:52:14","guid":{"rendered":"https:\/\/elinformante.mx\/?p=54052"},"modified":"2024-05-10T07:52:16","modified_gmt":"2024-05-10T13:52:16","slug":"xochitl-galvez-ruiz-demanda-investigar-como-entra-el-dinero-del-narcotrafico-a-las-campanas","status":"publish","type":"post","link":"https:\/\/elinformante.mx\/?p=54052","title":{"rendered":"X\u00f3chitl G\u00e1lvez Ru\u00edz demanda investigar c\u00f3mo entra el dinero del narcotr\u00e1fico a las campa\u00f1as"},"content":{"rendered":"\n<blockquote class=\"wp-block-quote is-layout-flow wp-block-quote-is-layout-flow\">\n<p>Lo que diga el candidato presidencial de Movimiento Ciudadano, la tiene sin cuidado, ya que \u201cni lo topo\u201d.<\/p>\n<\/blockquote>\n\n\n\n<p>El Instituto Nacional Electoral (INE) no es imparcial ni garantiza piso parejo, asegur\u00f3 la candidata presidencial del PAN, PRI y PRD, X\u00f3chitl G\u00e1lvez Ruiz, quien exigi\u00f3 se investigue y castigue la intervenci\u00f3n del crimen organizado en el actual proceso electoral.<br><\/p>\n\n\n\n<p>Entrevistada antes de reunirse con simpatizantes en Reynosa, Tamaulipas, afectada por altos niveles de inseguridad, G\u00e1lvez lament\u00f3 que el pa\u00eds est\u00e9 en manos de la delincuencia.<br><\/p>\n\n\n\n<p>\u201c\u00bfPor qu\u00e9 no se investiga c\u00f3mo est\u00e1 entrando dinero del narcotr\u00e1fico a las campa\u00f1as pol\u00edticas? Ya lleg\u00f3 la hora. Ya lleg\u00f3 la hora de que se despierte y nos demos cuenta que estamos en manos de los delincuentes\u201d, declar\u00f3.<br><\/p>\n\n\n\n<p>Tambi\u00e9n reiter\u00f3 que asistir\u00e1 a la concentraci\u00f3n ciudadana del 19 de junio en el Z\u00f3calo, pero pidi\u00f3 al INE que s\u00f3lo le cargue una parte proporcional del gasto, como ha ocurrido en otros eventos similares.<br><\/p>\n\n\n\n<p>\u201cVoy a muchos eventos organizados por la sociedad civil, muchos de los que voy, y lo que se contabiliza es una parte que a m\u00ed me toca y se declara, no tengo problema\u201d, apunt\u00f3.<br><\/p>\n\n\n\n<figure class=\"wp-block-image size-large\"><img fetchpriority=\"high\" decoding=\"async\" width=\"1024\" height=\"503\" src=\"https:\/\/elinformante.mx\/wp-content\/uploads\/2024\/05\/10XIICHITL-2-1024x503.jpg\" alt=\"\" class=\"wp-image-54054\" srcset=\"https:\/\/elinformante.mx\/wp-content\/uploads\/2024\/05\/10XIICHITL-2-1024x503.jpg 1024w, https:\/\/elinformante.mx\/wp-content\/uploads\/2024\/05\/10XIICHITL-2-300x147.jpg 300w, https:\/\/elinformante.mx\/wp-content\/uploads\/2024\/05\/10XIICHITL-2-768x377.jpg 768w, https:\/\/elinformante.mx\/wp-content\/uploads\/2024\/05\/10XIICHITL-2-580x285.jpg 580w, https:\/\/elinformante.mx\/wp-content\/uploads\/2024\/05\/10XIICHITL-2-860x422.jpg 860w, https:\/\/elinformante.mx\/wp-content\/uploads\/2024\/05\/10XIICHITL-2.jpg 1140w\" sizes=\"(max-width: 1024px) 100vw, 1024px\" \/><\/figure>\n\n\n\n<p>La candidata presidencial advirti\u00f3 que el INE debe ser imparcial y contabilizarle a su contrincante de Morena, Claudia Sheinbaum, todos los espectaculares, m\u00edtines, gorras, playeras y otros gastos en que ha incurrido.<br><\/p>\n\n\n\n<p>\u201cLa que ya rebas\u00f3 por cientos de millones de pesos los gastos de campa\u00f1a es la Sheinbaum. Nom\u00e1s s\u00famenle todos los espectaculares que hab\u00eda en Le\u00f3n, en todas las ciudades, todas las bardas, todos los camiones, las miles de playeras que regala, y pues ah\u00ed ojal\u00e1 el INE se ponga las pilas. (\u2026) Mis gastos de campa\u00f1a est\u00e1n muy por debajo, porque lo que yo he declarado es lo real. Yo no ando escondiendo el dinero\u201d, se\u00f1al\u00f3.<br><\/p>\n\n\n\n<p>G\u00e1lvez Ruiz minimiz\u00f3 los simulacros de elecciones que se realizaron en distintas universidades en los que algunos qued\u00f3 en tercer lugar.<br><\/p>\n\n\n\n<p>\u201cPues la verdad es que yo puedo hacer una (encuesta) en Twitter ahorita, y gano por 97%, la neta\u201d, se\u00f1al\u00f3.<br><\/p>\n\n\n\n<p>Sobre la denuncia de Jorge \u00c1lvarez M\u00e1ynez, quien la acus\u00f3 de haberle enviado \u201creventadores\u201d para boicotear sus eventos en Michoac\u00e1n y Quer\u00e9taro, X\u00f3chitl G\u00e1lvez respondi\u00f3: \u201cNi lo topo\u201d.<\/p>\n","protected":false},"excerpt":{"rendered":"<p>Lo que diga el candidato presidencial de Movimiento Ciudadano, la tiene sin cuidado, ya que \u201cni lo topo\u201d. El Instituto Nacional Electoral (INE) no es imparcial ni garantiza piso parejo, asegur\u00f3 la candidata presidencial del PAN, PRI y PRD, X\u00f3chitl G\u00e1lvez Ruiz, quien exigi\u00f3 se investigue y castigue la intervenci\u00f3n del crimen organizado en el [&hellip;]<\/p>\n","protected":false},"author":1,"featured_media":54053,"comment_status":"closed","ping_status":"closed","sticky":false,"template":"","format":"standard","meta":{"footnotes":""},"categories":[30,34],"tags":[],"class_list":["post-54052","post","type-post","status-publish","format-standard","has-post-thumbnail","hentry","category-destacado","category-nacional"],"_links":{"self":[{"href":"https:\/\/elinformante.mx\/index.php?rest_route=\/wp\/v2\/posts\/54052","targetHints":{"allow":["GET"]}}],"collection":[{"href":"https:\/\/elinformante.mx\/index.php?rest_route=\/wp\/v2\/posts"}],"about":[{"href":"https:\/\/elinformante.mx\/index.php?rest_route=\/wp\/v2\/types\/post"}],"author":[{"embeddable":true,"href":"https:\/\/elinformante.mx\/index.php?rest_route=\/wp\/v2\/users\/1"}],"replies":[{"embeddable":true,"href":"https:\/\/elinformante.mx\/index.php?rest_route=%2Fwp%2Fv2%2Fcomments&post=54052"}],"version-history":[{"count":0,"href":"https:\/\/elinformante.mx\/index.php?rest_route=\/wp\/v2\/posts\/54052\/revisions"}],"wp:featuredmedia":[{"embeddable":true,"href":"https:\/\/elinformante.mx\/index.php?rest_route=\/wp\/v2\/media\/54053"}],"wp:attachment":[{"href":"https:\/\/elinformante.mx\/index.php?rest_route=%2Fwp%2Fv2%2Fmedia&parent=54052"}],"wp:term":[{"taxonomy":"category","embeddable":true,"href":"https:\/\/elinformante.mx\/index.php?rest_route=%2Fwp%2Fv2%2Fcategories&post=54052"},{"taxonomy":"post_tag","embeddable":true,"href":"https:\/\/elinformante.mx\/index.php?rest_route=%2Fwp%2Fv2%2Ftags&post=54052"}],"curies":[{"name":"wp","href":"https:\/\/api.w.org\/{rel}","templated":true}]}}