{"id":54459,"date":"2024-05-16T07:14:13","date_gmt":"2024-05-16T13:14:13","guid":{"rendered":"https:\/\/elinformante.mx\/?p=54459"},"modified":"2024-05-20T21:25:02","modified_gmt":"2024-05-21T03:25:02","slug":"en-marcha-congreso-de-justicia-familiar","status":"publish","type":"post","link":"https:\/\/elinformante.mx\/?p=54459","title":{"rendered":"En marcha Congreso de Justicia Familiar"},"content":{"rendered":"\n<blockquote class=\"wp-block-quote is-layout-flow wp-block-quote-is-layout-flow\">\n<p>Se analizar\u00e1n temas relacionados con la justicia familiar y civil previo a la entrada en vigor del C\u00f3digo Nacional de Procedimientos Civiles y Familiares en 2027.<\/p>\n<\/blockquote>\n\n\n\n<p>El Poder Judicial del Estado de M\u00e9xico inaugur\u00f3 el IV Congreso de Justicia Familiar, Implementaci\u00f3n del C\u00f3digo Nacional de Procedimientos Civiles y Familiares, cuya entrada en vigor ser\u00e1 en 2027.<br><\/p>\n\n\n\n<p>Se indic\u00f3 que este espacio contribuir\u00e1 a fortalecer las estrategias relacionadas en materia civil y familiar, por medio de la participaci\u00f3n de abogados, jueces y magistrados, as\u00ed como especialistas externos.<br><\/p>\n\n\n\n<p>El presidente del Poder Judicial del Estado de M\u00e9xico, Ricardo Sodi Cuellar, dio a conocer que las jornadas de trabajo ser\u00e1n del 15 al 17 de mayo en la Escuela Judicial, con la participaci\u00f3n de 3 mil 563 personas, de los cuales 506 son presenciales y 2 mil 957 v\u00eda online.<br><\/p>\n\n\n\n<figure class=\"wp-block-image size-large\"><img fetchpriority=\"high\" decoding=\"async\" width=\"1024\" height=\"503\" src=\"https:\/\/elinformante.mx\/wp-content\/uploads\/2024\/05\/7SODI-1024x503.jpg\" alt=\"\" class=\"wp-image-54461\" srcset=\"https:\/\/elinformante.mx\/wp-content\/uploads\/2024\/05\/7SODI-1024x503.jpg 1024w, https:\/\/elinformante.mx\/wp-content\/uploads\/2024\/05\/7SODI-300x147.jpg 300w, https:\/\/elinformante.mx\/wp-content\/uploads\/2024\/05\/7SODI-768x377.jpg 768w, https:\/\/elinformante.mx\/wp-content\/uploads\/2024\/05\/7SODI-580x285.jpg 580w, https:\/\/elinformante.mx\/wp-content\/uploads\/2024\/05\/7SODI-860x422.jpg 860w, https:\/\/elinformante.mx\/wp-content\/uploads\/2024\/05\/7SODI.jpg 1140w\" sizes=\"(max-width: 1024px) 100vw, 1024px\" \/><\/figure>\n\n\n\n<p>\u201cLa implementaci\u00f3n del C\u00f3digo Nacional de Procedimientos Civiles y Familiares va a generar una serie de retos, en adecuaciones, infraestructura del Poder Judicial, pero sobre todo capacitaci\u00f3n, hemos realizado un programa muy activo de capacitaci\u00f3n, se capacit\u00f3 en materia familiar a m\u00e1s de 2 mil 500 servidores judiciales del Estado de M\u00e9xico, en este momento estamos en la etapa de la materia civil, con clases en las cuatro regiones judiciales\u201d, destac\u00f3 el magistrado Ricardo Sodi.<br><\/p>\n\n\n\n<p>A trav\u00e9s del primer curso de capacitaci\u00f3n de abogados se han inscrito 17 mil personas, cuya admisi\u00f3n tuvo que ser detenida previo al cierre de la convocatoria, debido a la alta demanda de participaci\u00f3n.<br><\/p>\n\n\n\n<p>Entre los principales temas que se abordar\u00e1n en el IV Congreso de Justicia Familiar, Implementaci\u00f3n del C\u00f3digo Nacional de Procedimientos Civiles y Familiares, destacan la garant\u00eda del acceso a la justicia de ni\u00f1as, ni\u00f1os y adolescentes, teor\u00edas del caso en materia familiar, justicia restaurativa, acceso a la justicia y perspectiva de infancia y representaci\u00f3n nacional e internacional de ni\u00f1as, ni\u00f1os y adolescentes, entre otras.<\/p>\n","protected":false},"excerpt":{"rendered":"<p>Se analizar\u00e1n temas relacionados con la justicia familiar y civil previo a la entrada en vigor del C\u00f3digo Nacional de Procedimientos Civiles y Familiares en 2027. El Poder Judicial del Estado de M\u00e9xico inaugur\u00f3 el IV Congreso de Justicia Familiar, Implementaci\u00f3n del C\u00f3digo Nacional de Procedimientos Civiles y Familiares, cuya entrada en vigor ser\u00e1 en [&hellip;]<\/p>\n","protected":false},"author":1,"featured_media":54460,"comment_status":"closed","ping_status":"closed","sticky":false,"template":"","format":"standard","meta":{"footnotes":""},"categories":[36],"tags":[],"class_list":["post-54459","post","type-post","status-publish","format-standard","has-post-thumbnail","hentry","category-edomex"],"_links":{"self":[{"href":"https:\/\/elinformante.mx\/index.php?rest_route=\/wp\/v2\/posts\/54459","targetHints":{"allow":["GET"]}}],"collection":[{"href":"https:\/\/elinformante.mx\/index.php?rest_route=\/wp\/v2\/posts"}],"about":[{"href":"https:\/\/elinformante.mx\/index.php?rest_route=\/wp\/v2\/types\/post"}],"author":[{"embeddable":true,"href":"https:\/\/elinformante.mx\/index.php?rest_route=\/wp\/v2\/users\/1"}],"replies":[{"embeddable":true,"href":"https:\/\/elinformante.mx\/index.php?rest_route=%2Fwp%2Fv2%2Fcomments&post=54459"}],"version-history":[{"count":0,"href":"https:\/\/elinformante.mx\/index.php?rest_route=\/wp\/v2\/posts\/54459\/revisions"}],"wp:featuredmedia":[{"embeddable":true,"href":"https:\/\/elinformante.mx\/index.php?rest_route=\/wp\/v2\/media\/54460"}],"wp:attachment":[{"href":"https:\/\/elinformante.mx\/index.php?rest_route=%2Fwp%2Fv2%2Fmedia&parent=54459"}],"wp:term":[{"taxonomy":"category","embeddable":true,"href":"https:\/\/elinformante.mx\/index.php?rest_route=%2Fwp%2Fv2%2Fcategories&post=54459"},{"taxonomy":"post_tag","embeddable":true,"href":"https:\/\/elinformante.mx\/index.php?rest_route=%2Fwp%2Fv2%2Ftags&post=54459"}],"curies":[{"name":"wp","href":"https:\/\/api.w.org\/{rel}","templated":true}]}}