{"id":54541,"date":"2024-05-17T07:15:25","date_gmt":"2024-05-17T13:15:25","guid":{"rendered":"https:\/\/elinformante.mx\/?p=54541"},"modified":"2024-05-20T21:24:59","modified_gmt":"2024-05-21T03:24:59","slug":"la-fifa-pide-que-haya-sanciones-concretas-en-contra-del-racismo","status":"publish","type":"post","link":"https:\/\/elinformante.mx\/?p=54541","title":{"rendered":"La FIFA pide que haya sanciones concretas en contra del racismo"},"content":{"rendered":"\n<blockquote class=\"wp-block-quote is-layout-flow wp-block-quote-is-layout-flow\">\n<p>Entre las medidas propuestas, se establece la posibilidad de derrota autom\u00e1tica en partidos.<\/p>\n<\/blockquote>\n\n\n\n<p>La FIFA va en serio contra el racismo, por lo que se analiza una infracci\u00f3n concreta e incluirla en los c\u00f3digos disciplinarios de cada una de las 211 federaciones miembros<br><\/p>\n\n\n\n<p>El 74 Congreso de la FIFA abordar\u00e1 en Bangkok la adopci\u00f3n de sanciones concretas para casos de racismo, diferenciado de otras vulneraciones, que incluir\u00e1n la derrota autom\u00e1tica en los partidos y la introducci\u00f3n de un gesto normativo universal con el que los jugadores comunicar\u00e1n incidentes racistas.<br><\/p>\n\n\n\n<p>La propuesta de acci\u00f3n unificada que el organismo presentar\u00e1 este viernes mantiene convertir el racismo en una infracci\u00f3n concreta, que se incluir\u00e1 obligatoriamente en los c\u00f3digos disciplinarios de cada una de las 211 federaciones miembros de la FIFA.<br><\/p>\n\n\n\n<p>Elaborada con las opiniones y las aportaciones de las mismas, prev\u00e9 la introducci\u00f3n de un gesto universal para que los jugadores comuniquen al \u00e1rbitro incidentes racistas, as\u00ed como la creaci\u00f3n de un panel de futbolistas retirados que aconsejar\u00e1 y supervisar\u00e1 la ejecuci\u00f3n de las medidas propuestas.<br><\/p>\n\n\n\n<figure class=\"wp-block-image size-large\"><img fetchpriority=\"high\" decoding=\"async\" width=\"1024\" height=\"503\" src=\"https:\/\/elinformante.mx\/wp-content\/uploads\/2024\/05\/14FIFA-1024x503.jpg\" alt=\"\" class=\"wp-image-54543\" srcset=\"https:\/\/elinformante.mx\/wp-content\/uploads\/2024\/05\/14FIFA-1024x503.jpg 1024w, https:\/\/elinformante.mx\/wp-content\/uploads\/2024\/05\/14FIFA-300x147.jpg 300w, https:\/\/elinformante.mx\/wp-content\/uploads\/2024\/05\/14FIFA-768x377.jpg 768w, https:\/\/elinformante.mx\/wp-content\/uploads\/2024\/05\/14FIFA-580x285.jpg 580w, https:\/\/elinformante.mx\/wp-content\/uploads\/2024\/05\/14FIFA-860x422.jpg 860w, https:\/\/elinformante.mx\/wp-content\/uploads\/2024\/05\/14FIFA.jpg 1140w\" sizes=\"(max-width: 1024px) 100vw, 1024px\" \/><\/figure>\n\n\n\n<p>La iniciativa publicada por la FIFA y remitida a las federaciones, con el \u201canhelo\u201d de unirse para \u201cplantar cara al racismo\u201d, se basa en cinco pilares que aluden a normativas y sanciones; acciones sobre el terreno de juego, causas penales, educaci\u00f3n y postura conjunta de los futbolistas.<br><\/p>\n\n\n\n<p>En el apartado de normativas y sanciones prev\u00e9 convertir \u201cel racismo en una infracci\u00f3n concreta, que se incluir\u00e1 obligatoriamente en los c\u00f3digos disciplinarios de cada una de las 211 federaciones miembro de la FIFA\u201d.<br><\/p>\n\n\n\n<p>\u201cLa infracci\u00f3n diferenciar\u00e1 el racismo del resto de vulneraciones e impondr\u00e1 sanciones concretas y rigurosas a todos los actos racistas, entre las que se incluir\u00e1 la derrota autom\u00e1tica en un partido\u201d, a\u00f1ade.<br><\/p>\n\n\n\n<p>Las acciones sobre el terreno de juego prev\u00e9n la interrupci\u00f3n y suspensi\u00f3n de partidos de forma temporal o definitiva en el momento en que surjan casos de racismo. \u201cIntroduciremos un gesto normativo universal, con el que los jugadores comunicar\u00e1n incidentes racistas y los \u00e1rbitros se\u00f1alar\u00e1n la ejecuci\u00f3n del procedimiento de tres pasos, que ser\u00e1 obligatorio en las 211 federaciones miembro de la FIFA\u201d, indica.<br><\/p>\n\n\n\n<p>El tercer pilar plantea la uni\u00f3n del futbol mundial para que el racismo se considere un delito penal en todos los pa\u00edses del mundo y para que se persiga penalmente con la firmeza que merece donde ya lo sea.<\/p>\n","protected":false},"excerpt":{"rendered":"<p>Entre las medidas propuestas, se establece la posibilidad de derrota autom\u00e1tica en partidos. La FIFA va en serio contra el racismo, por lo que se analiza una infracci\u00f3n concreta e incluirla en los c\u00f3digos disciplinarios de cada una de las 211 federaciones miembros El 74 Congreso de la FIFA abordar\u00e1 en Bangkok la adopci\u00f3n de [&hellip;]<\/p>\n","protected":false},"author":1,"featured_media":54542,"comment_status":"closed","ping_status":"closed","sticky":false,"template":"","format":"standard","meta":{"footnotes":""},"categories":[38,30],"tags":[],"class_list":["post-54541","post","type-post","status-publish","format-standard","has-post-thumbnail","hentry","category-deportes","category-destacado"],"_links":{"self":[{"href":"https:\/\/elinformante.mx\/index.php?rest_route=\/wp\/v2\/posts\/54541","targetHints":{"allow":["GET"]}}],"collection":[{"href":"https:\/\/elinformante.mx\/index.php?rest_route=\/wp\/v2\/posts"}],"about":[{"href":"https:\/\/elinformante.mx\/index.php?rest_route=\/wp\/v2\/types\/post"}],"author":[{"embeddable":true,"href":"https:\/\/elinformante.mx\/index.php?rest_route=\/wp\/v2\/users\/1"}],"replies":[{"embeddable":true,"href":"https:\/\/elinformante.mx\/index.php?rest_route=%2Fwp%2Fv2%2Fcomments&post=54541"}],"version-history":[{"count":0,"href":"https:\/\/elinformante.mx\/index.php?rest_route=\/wp\/v2\/posts\/54541\/revisions"}],"wp:featuredmedia":[{"embeddable":true,"href":"https:\/\/elinformante.mx\/index.php?rest_route=\/wp\/v2\/media\/54542"}],"wp:attachment":[{"href":"https:\/\/elinformante.mx\/index.php?rest_route=%2Fwp%2Fv2%2Fmedia&parent=54541"}],"wp:term":[{"taxonomy":"category","embeddable":true,"href":"https:\/\/elinformante.mx\/index.php?rest_route=%2Fwp%2Fv2%2Fcategories&post=54541"},{"taxonomy":"post_tag","embeddable":true,"href":"https:\/\/elinformante.mx\/index.php?rest_route=%2Fwp%2Fv2%2Ftags&post=54541"}],"curies":[{"name":"wp","href":"https:\/\/api.w.org\/{rel}","templated":true}]}}