{"id":54545,"date":"2024-05-17T07:17:07","date_gmt":"2024-05-17T13:17:07","guid":{"rendered":"https:\/\/elinformante.mx\/?p=54545"},"modified":"2024-05-20T21:24:58","modified_gmt":"2024-05-21T03:24:58","slug":"detienen-a-probable-implicado-en-homicidio-cometido-en-chimalhuacan","status":"publish","type":"post","link":"https:\/\/elinformante.mx\/?p=54545","title":{"rendered":"Detienen a probable implicado en homicidio cometido en Chimalhuac\u00e1n"},"content":{"rendered":"\n<blockquote class=\"wp-block-quote is-layout-flow wp-block-quote-is-layout-flow\">\n<p>En mayo del a\u00f1o pasado, habr\u00eda participado en el homicidio de un hombre en el Barrio Acuitlapilco de este municipio.<\/p>\n<\/blockquote>\n\n\n\n<p>La Fiscal\u00eda General de Justicia del Estado de M\u00e9xico (FGJEM), en conjunto con la Secretar\u00eda de Seguridad y Protecci\u00f3n Ciudadana federal (SSPC), a trav\u00e9s de la Comisi\u00f3n Nacional Antihomicidio (CONAHO) y la Direcci\u00f3n de Seguridad P\u00fablica y Tr\u00e1nsito Municipal de Chimalhuac\u00e1n, cumplimentaron una orden de aprehensi\u00f3n en contra de C\u00e9sar Antonio \u201cN\u201d, se\u00f1alado por su probable intervenci\u00f3n en el delito de homicidio en agravio de un hombre.<br><\/p>\n\n\n\n<p>Los hechos por los cuales es investigado se registraron el 22 de mayo de 2023 en la calle Cuitl\u00e1huac del Barrio Acuitlapilco, en el municipio de Chimalhuac\u00e1n, donde en complicidad con otro individuo habr\u00eda causado la muerte de un hombre por disparo de arma de fuego.<br><\/p>\n\n\n\n<p>De acuerdo con la indagatoria iniciada, ese d\u00eda la v\u00edctima se encontraba en compa\u00f1\u00eda de otra persona en la calle referida, lugar al que arrib\u00f3 el ahora detenido y su c\u00f3mplice a bordo de una motocicleta, para luego presumiblemente cometer la agresi\u00f3n.<br><\/p>\n\n\n\n<p>Resultado de las indagatorias llevadas a cabo por la Fiscal\u00eda Edom\u00e9x por este homicidio fue posible identificar a C\u00e9sar Antonio \u201cN\u201d como probable implicado, por ello fue solicitada a la Autoridad Judicial librar orden de aprehensi\u00f3n en su contra.<br><\/p>\n\n\n\n<p>Tras ser detenido por autoridades federales, estatales y municipales en la regi\u00f3n oriente de la entidad, fue ingresado al Centro Penitenciario y de Reinserci\u00f3n Social de Nezahualc\u00f3yotl a disposici\u00f3n de un Juez, quien determinar\u00e1 su situaci\u00f3n legal.<\/p>\n","protected":false},"excerpt":{"rendered":"<p>En mayo del a\u00f1o pasado, habr\u00eda participado en el homicidio de un hombre en el Barrio Acuitlapilco de este municipio. La Fiscal\u00eda General de Justicia del Estado de M\u00e9xico (FGJEM), en conjunto con la Secretar\u00eda de Seguridad y Protecci\u00f3n Ciudadana federal (SSPC), a trav\u00e9s de la Comisi\u00f3n Nacional Antihomicidio (CONAHO) y la Direcci\u00f3n de Seguridad [&hellip;]<\/p>\n","protected":false},"author":1,"featured_media":54546,"comment_status":"closed","ping_status":"closed","sticky":false,"template":"","format":"standard","meta":{"footnotes":""},"categories":[36,37],"tags":[],"class_list":["post-54545","post","type-post","status-publish","format-standard","has-post-thumbnail","hentry","category-edomex","category-justicia"],"_links":{"self":[{"href":"https:\/\/elinformante.mx\/index.php?rest_route=\/wp\/v2\/posts\/54545","targetHints":{"allow":["GET"]}}],"collection":[{"href":"https:\/\/elinformante.mx\/index.php?rest_route=\/wp\/v2\/posts"}],"about":[{"href":"https:\/\/elinformante.mx\/index.php?rest_route=\/wp\/v2\/types\/post"}],"author":[{"embeddable":true,"href":"https:\/\/elinformante.mx\/index.php?rest_route=\/wp\/v2\/users\/1"}],"replies":[{"embeddable":true,"href":"https:\/\/elinformante.mx\/index.php?rest_route=%2Fwp%2Fv2%2Fcomments&post=54545"}],"version-history":[{"count":0,"href":"https:\/\/elinformante.mx\/index.php?rest_route=\/wp\/v2\/posts\/54545\/revisions"}],"wp:featuredmedia":[{"embeddable":true,"href":"https:\/\/elinformante.mx\/index.php?rest_route=\/wp\/v2\/media\/54546"}],"wp:attachment":[{"href":"https:\/\/elinformante.mx\/index.php?rest_route=%2Fwp%2Fv2%2Fmedia&parent=54545"}],"wp:term":[{"taxonomy":"category","embeddable":true,"href":"https:\/\/elinformante.mx\/index.php?rest_route=%2Fwp%2Fv2%2Fcategories&post=54545"},{"taxonomy":"post_tag","embeddable":true,"href":"https:\/\/elinformante.mx\/index.php?rest_route=%2Fwp%2Fv2%2Ftags&post=54545"}],"curies":[{"name":"wp","href":"https:\/\/api.w.org\/{rel}","templated":true}]}}