{"id":54548,"date":"2024-05-17T07:18:45","date_gmt":"2024-05-17T13:18:45","guid":{"rendered":"https:\/\/elinformante.mx\/?p=54548"},"modified":"2024-05-20T21:24:57","modified_gmt":"2024-05-21T03:24:57","slug":"sentenciado-a-60-anos-de-prision-por-secuestro-expres-que-hizo-en-zumpango","status":"publish","type":"post","link":"https:\/\/elinformante.mx\/?p=54548","title":{"rendered":"Sentenciado a 60 a\u00f1os de prisi\u00f3n por secuestro expr\u00e9s que hizo en Zumpango"},"content":{"rendered":"\n<blockquote class=\"wp-block-quote is-layout-flow wp-block-quote-is-layout-flow\">\n<p>El sentenciado y dos individuos m\u00e1s privaron de la libertad a la v\u00edctima con la finalidad de hurtarle un veh\u00edculo que conduc\u00eda.<\/p>\n<\/blockquote>\n\n\n\n<p>Kevin Vilchis Sibaja fue sentenciado a 60 a\u00f1os de prisi\u00f3n, tras quedar acreditada su intervenci\u00f3n en el delito de secuestro expr\u00e9s con fines de robo por hechos perpetrados en enero del a\u00f1o 2023 en esta regi\u00f3n de la entidad.<br><\/p>\n\n\n\n<p>La Autoridad Judicial luego de revisar las prueba recabadas y aportadas por el Ministerio P\u00fablico de la Fiscal\u00eda General de Justicia del Estado de M\u00e9xico (FGJEM), dict\u00f3 esta sentencia de condena contra este individuo, adem\u00e1s le fij\u00f3 multa de 481 mil 100 pesos como reparaci\u00f3n del da\u00f1o, en tanto que suspendi\u00f3 sus derechos civiles y pol\u00edticos.<br><\/p>\n\n\n\n<p>Indagatorias de la Fiscal\u00eda mexiquense precisaron que el 16 de enero del a\u00f1o pasado, cuando la v\u00edctima conduc\u00eda un veh\u00edculo marca Toyota, tipo Hilux, en la avenida Pulqueros, colonia San Andr\u00e9s Jaltenco, en el municipio de Zumpango, fue interceptada por los tripulantes de un autom\u00f3vil marca Nissan, tipo Tsuru.<br><\/p>\n\n\n\n<p>De ese veh\u00edculo compacto descendieron tres individuos, entre ellos el ahora sentenciado, quien portaba un arma de fuego con la cual amag\u00f3 al conductor de dicha camioneta. Los implicados sometieron a la v\u00edctima y la privaron de la libertad para despojarlo de la unidad automotora tipo Hilux.<br><\/p>\n\n\n\n<p>Por este il\u00edcito fue iniciada la investigaci\u00f3n correspondiente y detenido Kevin Vilchis Sibaja, mismo que fue ingresado al Centro Penitenciario y de Reinserci\u00f3n Social de la zona, a disposici\u00f3n de un Juez, quien tras proceso legal, le dict\u00f3 esta sentencia de condena.<\/p>\n","protected":false},"excerpt":{"rendered":"<p>El sentenciado y dos individuos m\u00e1s privaron de la libertad a la v\u00edctima con la finalidad de hurtarle un veh\u00edculo que conduc\u00eda. Kevin Vilchis Sibaja fue sentenciado a 60 a\u00f1os de prisi\u00f3n, tras quedar acreditada su intervenci\u00f3n en el delito de secuestro expr\u00e9s con fines de robo por hechos perpetrados en enero del a\u00f1o 2023 [&hellip;]<\/p>\n","protected":false},"author":1,"featured_media":54549,"comment_status":"closed","ping_status":"closed","sticky":false,"template":"","format":"standard","meta":{"footnotes":""},"categories":[36,37],"tags":[],"class_list":["post-54548","post","type-post","status-publish","format-standard","has-post-thumbnail","hentry","category-edomex","category-justicia"],"_links":{"self":[{"href":"https:\/\/elinformante.mx\/index.php?rest_route=\/wp\/v2\/posts\/54548","targetHints":{"allow":["GET"]}}],"collection":[{"href":"https:\/\/elinformante.mx\/index.php?rest_route=\/wp\/v2\/posts"}],"about":[{"href":"https:\/\/elinformante.mx\/index.php?rest_route=\/wp\/v2\/types\/post"}],"author":[{"embeddable":true,"href":"https:\/\/elinformante.mx\/index.php?rest_route=\/wp\/v2\/users\/1"}],"replies":[{"embeddable":true,"href":"https:\/\/elinformante.mx\/index.php?rest_route=%2Fwp%2Fv2%2Fcomments&post=54548"}],"version-history":[{"count":0,"href":"https:\/\/elinformante.mx\/index.php?rest_route=\/wp\/v2\/posts\/54548\/revisions"}],"wp:featuredmedia":[{"embeddable":true,"href":"https:\/\/elinformante.mx\/index.php?rest_route=\/wp\/v2\/media\/54549"}],"wp:attachment":[{"href":"https:\/\/elinformante.mx\/index.php?rest_route=%2Fwp%2Fv2%2Fmedia&parent=54548"}],"wp:term":[{"taxonomy":"category","embeddable":true,"href":"https:\/\/elinformante.mx\/index.php?rest_route=%2Fwp%2Fv2%2Fcategories&post=54548"},{"taxonomy":"post_tag","embeddable":true,"href":"https:\/\/elinformante.mx\/index.php?rest_route=%2Fwp%2Fv2%2Ftags&post=54548"}],"curies":[{"name":"wp","href":"https:\/\/api.w.org\/{rel}","templated":true}]}}