{"id":54554,"date":"2024-05-17T07:22:53","date_gmt":"2024-05-17T13:22:53","guid":{"rendered":"https:\/\/elinformante.mx\/?p=54554"},"modified":"2024-05-20T21:24:57","modified_gmt":"2024-05-21T03:24:57","slug":"se-compromete-manuel-vilchis-viveros-a-renovar-plaza-ganadera-en-zinacantepec","status":"publish","type":"post","link":"https:\/\/elinformante.mx\/?p=54554","title":{"rendered":"Se compromete Manuel Vilchis Viveros a renovar Plaza Ganadera en Zinacantepec"},"content":{"rendered":"\n<blockquote class=\"wp-block-quote is-layout-flow wp-block-quote-is-layout-flow\">\n<p>El candidato pidi\u00f3 a los habitantes de Santa Mar\u00eda del Monte que voten por la mejor alternativa para el municipio.<\/p>\n<\/blockquote>\n\n\n\n<p>Manuel Vilchis Viveros candidato a la presidencia municipal de Zinacantepec, anunci\u00f3 que va a mejorar la imagen de la plaza ganadera de Santa Mar\u00eda del Monte, con lo que se atraer\u00e1 a m\u00e1s visitantes y se podr\u00e1 incentivar la econom\u00eda de los productores agr\u00edcolas y ganaderos.<br><\/p>\n\n\n\n<p>Fue durante su visita a la comunidad de San Bartolo El Llano, cuando expuso su compromiso para mantener viva la tradici\u00f3n y a la par motivar la econom\u00eda de quienes se dedican a comercializar productos agr\u00edcolas, ganaderos y alimentos.<br><\/p>\n\n\n\n<figure class=\"wp-block-image size-large\"><img fetchpriority=\"high\" decoding=\"async\" width=\"1024\" height=\"503\" src=\"https:\/\/elinformante.mx\/wp-content\/uploads\/2024\/05\/12ZINA-6-1024x503.jpg\" alt=\"\" class=\"wp-image-54557\" srcset=\"https:\/\/elinformante.mx\/wp-content\/uploads\/2024\/05\/12ZINA-6-1024x503.jpg 1024w, https:\/\/elinformante.mx\/wp-content\/uploads\/2024\/05\/12ZINA-6-300x147.jpg 300w, https:\/\/elinformante.mx\/wp-content\/uploads\/2024\/05\/12ZINA-6-768x377.jpg 768w, https:\/\/elinformante.mx\/wp-content\/uploads\/2024\/05\/12ZINA-6-580x285.jpg 580w, https:\/\/elinformante.mx\/wp-content\/uploads\/2024\/05\/12ZINA-6-860x422.jpg 860w, https:\/\/elinformante.mx\/wp-content\/uploads\/2024\/05\/12ZINA-6.jpg 1140w\" sizes=\"(max-width: 1024px) 100vw, 1024px\" \/><\/figure>\n\n\n\n<p>El abanderado del PRI, PAN, PRD y Nueva Alianza, consider\u00f3 que la feria ganadera adem\u00e1s de fomentar el esparcimiento es fuente de ingresos para los habitantes de la zona, \u201caqu\u00ed hay gente trabajadora, noble y vamos a darles ese empuje que requieren\u201d.<br><\/p>\n\n\n\n<p>Asimismo, dijo que en la elecci\u00f3n del dos de junio se tiene que recuperar el rumbo del pa\u00eds, por lo que pidi\u00f3 a los habitantes del municipio votar por la continuidad de su administraci\u00f3n y por los candidatos a la Presidencia y Senado de la Rep\u00fablica, Diputados federal y local de la coalici\u00f3n Fuerza y Coraz\u00f3n por el Estado de M\u00e9xico.<\/p>\n","protected":false},"excerpt":{"rendered":"<p>El candidato pidi\u00f3 a los habitantes de Santa Mar\u00eda del Monte que voten por la mejor alternativa para el municipio. Manuel Vilchis Viveros candidato a la presidencia municipal de Zinacantepec, anunci\u00f3 que va a mejorar la imagen de la plaza ganadera de Santa Mar\u00eda del Monte, con lo que se atraer\u00e1 a m\u00e1s visitantes y [&hellip;]<\/p>\n","protected":false},"author":1,"featured_media":54556,"comment_status":"closed","ping_status":"closed","sticky":false,"template":"","format":"standard","meta":{"footnotes":""},"categories":[36],"tags":[],"class_list":["post-54554","post","type-post","status-publish","format-standard","has-post-thumbnail","hentry","category-edomex"],"_links":{"self":[{"href":"https:\/\/elinformante.mx\/index.php?rest_route=\/wp\/v2\/posts\/54554","targetHints":{"allow":["GET"]}}],"collection":[{"href":"https:\/\/elinformante.mx\/index.php?rest_route=\/wp\/v2\/posts"}],"about":[{"href":"https:\/\/elinformante.mx\/index.php?rest_route=\/wp\/v2\/types\/post"}],"author":[{"embeddable":true,"href":"https:\/\/elinformante.mx\/index.php?rest_route=\/wp\/v2\/users\/1"}],"replies":[{"embeddable":true,"href":"https:\/\/elinformante.mx\/index.php?rest_route=%2Fwp%2Fv2%2Fcomments&post=54554"}],"version-history":[{"count":0,"href":"https:\/\/elinformante.mx\/index.php?rest_route=\/wp\/v2\/posts\/54554\/revisions"}],"wp:featuredmedia":[{"embeddable":true,"href":"https:\/\/elinformante.mx\/index.php?rest_route=\/wp\/v2\/media\/54556"}],"wp:attachment":[{"href":"https:\/\/elinformante.mx\/index.php?rest_route=%2Fwp%2Fv2%2Fmedia&parent=54554"}],"wp:term":[{"taxonomy":"category","embeddable":true,"href":"https:\/\/elinformante.mx\/index.php?rest_route=%2Fwp%2Fv2%2Fcategories&post=54554"},{"taxonomy":"post_tag","embeddable":true,"href":"https:\/\/elinformante.mx\/index.php?rest_route=%2Fwp%2Fv2%2Ftags&post=54554"}],"curies":[{"name":"wp","href":"https:\/\/api.w.org\/{rel}","templated":true}]}}