{"id":54563,"date":"2024-05-17T07:31:35","date_gmt":"2024-05-17T13:31:35","guid":{"rendered":"https:\/\/elinformante.mx\/?p=54563"},"modified":"2024-05-20T21:24:55","modified_gmt":"2024-05-21T03:24:55","slug":"realizo-dirigencia-del-smsem-guardia-de-honor-por-el-dia-de-las-maestras-y-los-maestros","status":"publish","type":"post","link":"https:\/\/elinformante.mx\/?p=54563","title":{"rendered":"Realiz\u00f3 dirigencia del SMSEM Guardia de Honor por el \u201cD\u00eda de las maestras y los maestros\u201d"},"content":{"rendered":"\n<blockquote class=\"wp-block-quote is-layout-flow wp-block-quote-is-layout-flow\">\n<p>Marco Aurelio Carbajal Leyva, dirigente de la organizaci\u00f3n gremial, considera a los maestros como artesanos del saber.<\/p>\n<\/blockquote>\n\n\n\n<p>Marco Aurelio Carbajal Leyva, secretario General del Sindicato de Maestros al Servicio del Estado de M\u00e9xico (SMSEM), conmemor\u00f3 en una solemne Guardia de Honor el \u201cD\u00eda de las Maestras y los Maestros 2024\u201d.<br><\/p>\n\n\n\n<p>Fue en la Plaza de la Unidad Sindical en Santa Cruz Atzcapotzaltongo, donde los mentores de diversas regiones sindicales, adem\u00e1s del Comit\u00e9 Ejecutivo Estatal 2021-2024 del SMSEM, se reunieron para recordar la lucha que han emprendido por a\u00f1os.<br><\/p>\n\n\n\n<p>Marco Aurelio felicit\u00f3 a la gobernadora Delfina G\u00f3mez \u00c1lvarez por ser la segunda mujer en ejercer el cargo siendo de formaci\u00f3n normalista, al tiempo de exponer su benepl\u00e1cito por la entrega y mejora del est\u00edmulo econ\u00f3mico con motivo del d\u00eda de las maestras y los maestros.<br><\/p>\n\n\n\n<p>Pero tambi\u00e9n aprovecho para solicitar a las autoridades mexiquense el an\u00e1lisis, di\u00e1logos y acuerdos relacionados con el Pliego Petitorio entregado en el mes de abril.<br><\/p>\n\n\n\n<p>En esta conmemoraci\u00f3n, acompa\u00f1aron al dirigente del SMSEM, algunos integrantes de la estructura educativa; as\u00ed como, ex secretarios del Sindicato de Maestros al Servicio del Estado de M\u00e9xico, nombrados titanes defensores de la unidad sindical.<\/p>\n","protected":false},"excerpt":{"rendered":"<p>Marco Aurelio Carbajal Leyva, dirigente de la organizaci\u00f3n gremial, considera a los maestros como artesanos del saber. Marco Aurelio Carbajal Leyva, secretario General del Sindicato de Maestros al Servicio del Estado de M\u00e9xico (SMSEM), conmemor\u00f3 en una solemne Guardia de Honor el \u201cD\u00eda de las Maestras y los Maestros 2024\u201d. Fue en la Plaza de [&hellip;]<\/p>\n","protected":false},"author":1,"featured_media":54564,"comment_status":"closed","ping_status":"closed","sticky":false,"template":"","format":"standard","meta":{"footnotes":""},"categories":[36],"tags":[],"class_list":["post-54563","post","type-post","status-publish","format-standard","has-post-thumbnail","hentry","category-edomex"],"_links":{"self":[{"href":"https:\/\/elinformante.mx\/index.php?rest_route=\/wp\/v2\/posts\/54563","targetHints":{"allow":["GET"]}}],"collection":[{"href":"https:\/\/elinformante.mx\/index.php?rest_route=\/wp\/v2\/posts"}],"about":[{"href":"https:\/\/elinformante.mx\/index.php?rest_route=\/wp\/v2\/types\/post"}],"author":[{"embeddable":true,"href":"https:\/\/elinformante.mx\/index.php?rest_route=\/wp\/v2\/users\/1"}],"replies":[{"embeddable":true,"href":"https:\/\/elinformante.mx\/index.php?rest_route=%2Fwp%2Fv2%2Fcomments&post=54563"}],"version-history":[{"count":0,"href":"https:\/\/elinformante.mx\/index.php?rest_route=\/wp\/v2\/posts\/54563\/revisions"}],"wp:featuredmedia":[{"embeddable":true,"href":"https:\/\/elinformante.mx\/index.php?rest_route=\/wp\/v2\/media\/54564"}],"wp:attachment":[{"href":"https:\/\/elinformante.mx\/index.php?rest_route=%2Fwp%2Fv2%2Fmedia&parent=54563"}],"wp:term":[{"taxonomy":"category","embeddable":true,"href":"https:\/\/elinformante.mx\/index.php?rest_route=%2Fwp%2Fv2%2Fcategories&post=54563"},{"taxonomy":"post_tag","embeddable":true,"href":"https:\/\/elinformante.mx\/index.php?rest_route=%2Fwp%2Fv2%2Ftags&post=54563"}],"curies":[{"name":"wp","href":"https:\/\/api.w.org\/{rel}","templated":true}]}}