{"id":54566,"date":"2024-05-17T07:34:08","date_gmt":"2024-05-17T13:34:08","guid":{"rendered":"https:\/\/elinformante.mx\/?p=54566"},"modified":"2024-05-20T21:24:55","modified_gmt":"2024-05-21T03:24:55","slug":"el-voto-un-ejercicio-de-reflexion-de-la-ciudadania","status":"publish","type":"post","link":"https:\/\/elinformante.mx\/?p=54566","title":{"rendered":"El voto: un ejercicio de reflexi\u00f3n de la ciudadan\u00eda"},"content":{"rendered":"\n<blockquote class=\"wp-block-quote is-layout-flow wp-block-quote-is-layout-flow\">\n<p>El Sistema \u201cCandidatas y Candidatos, Con\u00f3celes\u201d continuar\u00e1 disponible hasta el 2 de junio, d\u00eda de la Jornada Electoral.<\/p>\n<\/blockquote>\n\n\n\n<p>El Sistema \u201cCandidatas y Candidatos, Con\u00f3celes\u201d del Instituto Electoral del Estado de M\u00e9xico (IEEM) fue presentado ante la comunidad estudiantil y docente de la Facultad de Derecho de la Universidad Aut\u00f3noma del Estado de M\u00e9xico (UAEM\u00e9x), con el objetivo de promover el voto entre las juventudes y que conozcan a quienes buscan ocupar un cargo p\u00fablico en sus localidades.<br><\/p>\n\n\n\n<p>Durante la presentaci\u00f3n del Sistema, la Jefa de la Unidad de Transparencia del IEEM, Lilibeth \u00c1lvarez Rodr\u00edguez se\u00f1al\u00f3 que, m\u00e1s all\u00e1 de s\u00f3lo acudir a la casilla para marcar las boletas, el voto debe ser un ejercicio de reflexi\u00f3n que requiere ser informado, por lo que \u201cCon\u00f3celes\u201d contribuye a que la ciudadan\u00eda cumpla con ese objetivo desde la p\u00e1gina web https:\/\/conoceles.ieem.org.mx\/conoceles2024\/.<br><\/p>\n\n\n\n<p>Agreg\u00f3 que, a la fecha, el Sistema presenta un avance en los registros de poco m\u00e1s de 80 por ciento; de las m\u00e1s de mil candidaturas que deben poner su informaci\u00f3n a disposici\u00f3n de las y los mexiquenses. En esta plataforma, las y los usuarios pueden encontrar datos generales sobre las y los postulantes a cargos p\u00fablicos; sus medios de contacto; pueden encontrar informaci\u00f3n sobre su trayectoria profesional; sus principales propuestas, as\u00ed como respecto a su autoadscripci\u00f3n a uno de los grupos en situaci\u00f3n de vulnerabilidad; es decir, pueblos y comunidades ind\u00edgenas, personas con discapacidad, poblaci\u00f3n LGBTTTIQ+ o personas afromexiquenses.<br><\/p>\n\n\n\n<figure class=\"wp-block-image size-large\"><img fetchpriority=\"high\" decoding=\"async\" width=\"1024\" height=\"503\" src=\"https:\/\/elinformante.mx\/wp-content\/uploads\/2024\/05\/11-IEEM-1024x503.jpg\" alt=\"\" class=\"wp-image-54568\" srcset=\"https:\/\/elinformante.mx\/wp-content\/uploads\/2024\/05\/11-IEEM-1024x503.jpg 1024w, https:\/\/elinformante.mx\/wp-content\/uploads\/2024\/05\/11-IEEM-300x147.jpg 300w, https:\/\/elinformante.mx\/wp-content\/uploads\/2024\/05\/11-IEEM-768x377.jpg 768w, https:\/\/elinformante.mx\/wp-content\/uploads\/2024\/05\/11-IEEM-580x285.jpg 580w, https:\/\/elinformante.mx\/wp-content\/uploads\/2024\/05\/11-IEEM-860x422.jpg 860w, https:\/\/elinformante.mx\/wp-content\/uploads\/2024\/05\/11-IEEM.jpg 1140w\" sizes=\"(max-width: 1024px) 100vw, 1024px\" \/><\/figure>\n\n\n\n<p>\u00c1lvarez Rodr\u00edguez resalt\u00f3 que \u201cCon\u00f3celes\u201d se presenta sin ning\u00fan tipo de sesgo partidista, pues no es un mecanismo de propaganda pol\u00edtica y los datos publicados en el sitio web deben ajustarse a la normativa en materia electoral y de g\u00e9nero; adem\u00e1s de que los partidos pol\u00edticos est\u00e1n obligados a publicar la informaci\u00f3n de sus candidaturas.<br><\/p>\n\n\n\n<p>Ante el alumnado de las licenciaturas de Derecho y Medios Alternos de Soluci\u00f3n de Conflictos, la Jefa de la Unidad de Transparencia del IEEM, explic\u00f3 que el Sistema favorece una navegaci\u00f3n sencilla, a trav\u00e9s de filtros, por lo que las y los visitantes pueden obtener estad\u00edsticas por edad; grado m\u00e1ximo de estudios; sexo; Acciones Afirmativas, entre otros.<br><\/p>\n\n\n\n<p>La funcionaria electoral estuvo acompa\u00f1ada del profesor de tiempo completo de la Facultad de Derecho, V\u00edctor Alejandro Wong Meraz, quien se\u00f1al\u00f3 que herramientas como \u201cCon\u00f3celes\u201d permiten que se tome una decisi\u00f3n consciente al momento de emitir el voto.<br><\/p>\n\n\n\n<p>El Sistema ya acumula m\u00e1s de 20 mil visitas y estar\u00e1 disponible hasta el 2 de junio, con la finalidad de que las y los mexiquenses obtengan los elementos necesarios para ejercer su derecho al voto de manera razonada e informada.<\/p>\n","protected":false},"excerpt":{"rendered":"<p>El Sistema \u201cCandidatas y Candidatos, Con\u00f3celes\u201d continuar\u00e1 disponible hasta el 2 de junio, d\u00eda de la Jornada Electoral. El Sistema \u201cCandidatas y Candidatos, Con\u00f3celes\u201d del Instituto Electoral del Estado de M\u00e9xico (IEEM) fue presentado ante la comunidad estudiantil y docente de la Facultad de Derecho de la Universidad Aut\u00f3noma del Estado de M\u00e9xico (UAEM\u00e9x), con [&hellip;]<\/p>\n","protected":false},"author":1,"featured_media":54567,"comment_status":"closed","ping_status":"closed","sticky":false,"template":"","format":"standard","meta":{"footnotes":""},"categories":[30,36],"tags":[],"class_list":["post-54566","post","type-post","status-publish","format-standard","has-post-thumbnail","hentry","category-destacado","category-edomex"],"_links":{"self":[{"href":"https:\/\/elinformante.mx\/index.php?rest_route=\/wp\/v2\/posts\/54566","targetHints":{"allow":["GET"]}}],"collection":[{"href":"https:\/\/elinformante.mx\/index.php?rest_route=\/wp\/v2\/posts"}],"about":[{"href":"https:\/\/elinformante.mx\/index.php?rest_route=\/wp\/v2\/types\/post"}],"author":[{"embeddable":true,"href":"https:\/\/elinformante.mx\/index.php?rest_route=\/wp\/v2\/users\/1"}],"replies":[{"embeddable":true,"href":"https:\/\/elinformante.mx\/index.php?rest_route=%2Fwp%2Fv2%2Fcomments&post=54566"}],"version-history":[{"count":0,"href":"https:\/\/elinformante.mx\/index.php?rest_route=\/wp\/v2\/posts\/54566\/revisions"}],"wp:featuredmedia":[{"embeddable":true,"href":"https:\/\/elinformante.mx\/index.php?rest_route=\/wp\/v2\/media\/54567"}],"wp:attachment":[{"href":"https:\/\/elinformante.mx\/index.php?rest_route=%2Fwp%2Fv2%2Fmedia&parent=54566"}],"wp:term":[{"taxonomy":"category","embeddable":true,"href":"https:\/\/elinformante.mx\/index.php?rest_route=%2Fwp%2Fv2%2Fcategories&post=54566"},{"taxonomy":"post_tag","embeddable":true,"href":"https:\/\/elinformante.mx\/index.php?rest_route=%2Fwp%2Fv2%2Ftags&post=54566"}],"curies":[{"name":"wp","href":"https:\/\/api.w.org\/{rel}","templated":true}]}}