{"id":54570,"date":"2024-05-17T07:36:09","date_gmt":"2024-05-17T13:36:09","guid":{"rendered":"https:\/\/elinformante.mx\/?p=54570"},"modified":"2024-05-20T21:24:56","modified_gmt":"2024-05-21T03:24:56","slug":"analiza-gobierno-del-edomex-acciones-para-garantizar-una-jornada-electoral-pacifica","status":"publish","type":"post","link":"https:\/\/elinformante.mx\/?p=54570","title":{"rendered":"Analiza Gobierno del Edom\u00e9x acciones para garantizar una jornada electoral pac\u00edfica"},"content":{"rendered":"\n<blockquote class=\"wp-block-quote is-layout-flow wp-block-quote-is-layout-flow\">\n<p>La gobernadora Delfina G\u00f3mez \u00c1lvarez, encabeza la reuni\u00f3n 93 de la Mesa de Coordinaci\u00f3n.<\/p>\n<\/blockquote>\n\n\n\n<p>La gobernadora del Estado de M\u00e9xico, Delfina G\u00f3mez \u00c1lvarez, al encabezar la Mesa de Coordinaci\u00f3n para la Construcci\u00f3n de la Paz, recibi\u00f3 de parte de representantes de los tres \u00f3rdenes de gobierno el an\u00e1lisis sobre las acciones que se pondr\u00e1n en marcha para garantizar un ambiente de paz y democr\u00e1tico en la jornada electoral.<br><\/p>\n\n\n\n<p>En la reuni\u00f3n n\u00famero 93, celebrada en el Palacio de Gobierno se dio seguimiento a la estrategia en la que participar\u00e1n de manera coordinada autoridades estatales, federales y municipales, a fin de delinear los mecanismos que habr\u00e1n de fortalecer la democracia y garantizar el libre ejercicio del voto de las y los mexiquenses el 2 de junio pr\u00f3ximo.<br><\/p>\n\n\n\n<figure class=\"wp-block-image size-large\"><img fetchpriority=\"high\" decoding=\"async\" width=\"1024\" height=\"503\" src=\"https:\/\/elinformante.mx\/wp-content\/uploads\/2024\/05\/7.2DELFINA-5-1024x503.jpg\" alt=\"\" class=\"wp-image-54572\" srcset=\"https:\/\/elinformante.mx\/wp-content\/uploads\/2024\/05\/7.2DELFINA-5-1024x503.jpg 1024w, https:\/\/elinformante.mx\/wp-content\/uploads\/2024\/05\/7.2DELFINA-5-300x147.jpg 300w, https:\/\/elinformante.mx\/wp-content\/uploads\/2024\/05\/7.2DELFINA-5-768x377.jpg 768w, https:\/\/elinformante.mx\/wp-content\/uploads\/2024\/05\/7.2DELFINA-5-580x285.jpg 580w, https:\/\/elinformante.mx\/wp-content\/uploads\/2024\/05\/7.2DELFINA-5-860x422.jpg 860w, https:\/\/elinformante.mx\/wp-content\/uploads\/2024\/05\/7.2DELFINA-5.jpg 1140w\" sizes=\"(max-width: 1024px) 100vw, 1024px\" \/><\/figure>\n\n\n\n<p>En esta sesi\u00f3n participaron Horacio Duarte Olivares, Secretario General de Gobierno del Estado de M\u00e9xico; Andr\u00e9s Andrade T\u00e9llez, Secretario de Seguridad estatal; y Jos\u00e9 Luis Cervantes Mart\u00ednez, Fiscal General de Justicia del Estado de M\u00e9xico.<br><\/p>\n\n\n\n<p>Asimismo, estuvieron representantes de las Secretar\u00edas de la Defensa Nacional y de Marina, as\u00ed como de la Guardia Nacional, Protecci\u00f3n Civil estatal y del Centro Nacional de Inteligencia.<\/p>\n","protected":false},"excerpt":{"rendered":"<p>La gobernadora Delfina G\u00f3mez \u00c1lvarez, encabeza la reuni\u00f3n 93 de la Mesa de Coordinaci\u00f3n. La gobernadora del Estado de M\u00e9xico, Delfina G\u00f3mez \u00c1lvarez, al encabezar la Mesa de Coordinaci\u00f3n para la Construcci\u00f3n de la Paz, recibi\u00f3 de parte de representantes de los tres \u00f3rdenes de gobierno el an\u00e1lisis sobre las acciones que se pondr\u00e1n en [&hellip;]<\/p>\n","protected":false},"author":1,"featured_media":54571,"comment_status":"closed","ping_status":"closed","sticky":false,"template":"","format":"standard","meta":{"footnotes":""},"categories":[36],"tags":[],"class_list":["post-54570","post","type-post","status-publish","format-standard","has-post-thumbnail","hentry","category-edomex"],"_links":{"self":[{"href":"https:\/\/elinformante.mx\/index.php?rest_route=\/wp\/v2\/posts\/54570","targetHints":{"allow":["GET"]}}],"collection":[{"href":"https:\/\/elinformante.mx\/index.php?rest_route=\/wp\/v2\/posts"}],"about":[{"href":"https:\/\/elinformante.mx\/index.php?rest_route=\/wp\/v2\/types\/post"}],"author":[{"embeddable":true,"href":"https:\/\/elinformante.mx\/index.php?rest_route=\/wp\/v2\/users\/1"}],"replies":[{"embeddable":true,"href":"https:\/\/elinformante.mx\/index.php?rest_route=%2Fwp%2Fv2%2Fcomments&post=54570"}],"version-history":[{"count":0,"href":"https:\/\/elinformante.mx\/index.php?rest_route=\/wp\/v2\/posts\/54570\/revisions"}],"wp:featuredmedia":[{"embeddable":true,"href":"https:\/\/elinformante.mx\/index.php?rest_route=\/wp\/v2\/media\/54571"}],"wp:attachment":[{"href":"https:\/\/elinformante.mx\/index.php?rest_route=%2Fwp%2Fv2%2Fmedia&parent=54570"}],"wp:term":[{"taxonomy":"category","embeddable":true,"href":"https:\/\/elinformante.mx\/index.php?rest_route=%2Fwp%2Fv2%2Fcategories&post=54570"},{"taxonomy":"post_tag","embeddable":true,"href":"https:\/\/elinformante.mx\/index.php?rest_route=%2Fwp%2Fv2%2Ftags&post=54570"}],"curies":[{"name":"wp","href":"https:\/\/api.w.org\/{rel}","templated":true}]}}