{"id":54574,"date":"2024-05-17T07:39:51","date_gmt":"2024-05-17T13:39:51","guid":{"rendered":"https:\/\/elinformante.mx\/?p=54574"},"modified":"2024-05-20T21:24:56","modified_gmt":"2024-05-21T03:24:56","slug":"instala-delfina-gomez-mesa-de-alto-nivel-para-reforma-integral-para-animales","status":"publish","type":"post","link":"https:\/\/elinformante.mx\/?p=54574","title":{"rendered":"Instala Delfina G\u00f3mez mesa de Alto Nivel para reforma integral para animales"},"content":{"rendered":"\n<blockquote class=\"wp-block-quote is-layout-flow wp-block-quote-is-layout-flow\">\n<p>A trav\u00e9s de la Cepanaf se trabaja con los sectores educativos, judiciales y legislativos para impulsar una reforma integral en materia de bienestar animal.<\/p>\n<\/blockquote>\n\n\n\n<p>La gobernadora del Estado de M\u00e9xico, Delfina G\u00f3mez \u00c1lvarez, instal\u00f3 la Mesa de Trabajado de Alto Nivel \u201cConstruyendo el Bienestar Animal en el Estado de M\u00e9xico: Por una reforma Integral,\u201d que tiene como prop\u00f3sito proponer un nuevo marco normativo para el cuidado y protecci\u00f3n animal en la entidad.<br><\/p>\n\n\n\n<p>En este sentido, el Gobierno que encabeza Delfina G\u00f3mez \u00c1lvarez es pionero en materia de bienestar animal, evitar el maltrato animal y fomentar la tenencia responsable de animales de compa\u00f1\u00eda.<br><\/p>\n\n\n\n<p>Por ello, este objetivo forma parte del Plan de Desarrollo del Estado de M\u00e9xico 2023-2029, dentro del Eje 2 \u201cBienestar ambiental y acceso universal al agua \u201cPreservaci\u00f3n y promoci\u00f3n ecol\u00f3gica\u201d.<br><\/p>\n\n\n\n<p>De la Mesa de Alto Nivel derivar\u00e1n mesas de trabajo integradas por representantes de los tres \u00f3rdenes de gobierno, quienes adecuar\u00e1n el marco normativo en materia de bienestar animal.<br><\/p>\n\n\n\n<p>Al respecto, Alma Diana Tapia Maya, Directora General de la Comisi\u00f3n Estatal de Parques Naturales y de la Fauna (Cepanaf) explic\u00f3 que, desde el inicio de la presente administraci\u00f3n y bajo el liderazgo de la Gobernadora Delfina G\u00f3mez \u00c1lvarez, se trabaja con los sectores involucrados, con el prop\u00f3sito de reformar el marco normativo estatal que fomente el respeto, cuidado, protecci\u00f3n y bienestar animal.<br><\/p>\n\n\n\n<p>Se\u00f1al\u00f3 que esta propuesta promover\u00e1 el trato digno de la fauna silvestre, mascotas, animales dom\u00e9sticos y especies que habitan en parques y zool\u00f3gicos, como lo establece el Plan de Desarrollo del Estado de M\u00e9xico.<br><\/p>\n\n\n\n<p>Algunas de las tem\u00e1ticas que se analizar\u00e1n en las siguientes mesas de trabajo son:<br><\/p>\n\n\n\n<p>Control de la sobrepoblaci\u00f3n de animales de compa\u00f1\u00eda en situaci\u00f3n de calle y con due\u00f1o responsable.<br><\/p>\n\n\n\n<p>Actualizaci\u00f3n de los delitos catalogados como maltrato animal y su penalidad.<br><\/p>\n\n\n\n<p>Creaci\u00f3n de la Fiscal\u00eda Especializada en delitos cometidos en contra de los animales.<br><\/p>\n\n\n\n<p>Implementaci\u00f3n del Violent\u00f3metro en todas las \u00e1reas de gobierno.<br><\/p>\n\n\n\n<p>Creaci\u00f3n de la Polic\u00eda de Protecci\u00f3n y Cuidado Animal.<br><\/p>\n\n\n\n<p>Ministerio P\u00fablico especializado en maltrato animal.<br><\/p>\n\n\n\n<p>Elaboraci\u00f3n de un protocolo de Justicia Animal<br><\/p>\n\n\n\n<p>A esta reuni\u00f3n asistieron Horacio Duarte Olivares, Secretario General de Gobierno del Estado de M\u00e9xico; Andr\u00e9s Andrade T\u00e9llez, Secretario de Seguridad; Alhely Rubio Arronis, Secretaria de Medio Ambiente y Desarrollo Sustentable; Macarena Montoya Olvera, Secretaria de Salud; M\u00f3nica Ch\u00e1vez Dur\u00e1n, Secretaria de las Mujeres; Jes\u00fas George Zamora, Consejero Jur\u00eddico; Alejandro Viedma Vel\u00e1zquez, Subsecretario General de Gobierno; Alma Diana Tapia Maya, Directora General de la Comisi\u00f3n Estatal de Parques Naturales y de la Fauna; y Nayeli G\u00f3mez Castillo, Coordinadora de Comunicaci\u00f3n Social.<br><\/p>\n\n\n\n<p>As\u00ed como Ricardo Sodi Cuellar, Presidente del Tribunal Superior de Justicia y del Consejo de la Judicatura del Estado de M\u00e9xico; Jos\u00e9 Luis Cervantes Mart\u00ednez, Fiscal General de Justicia del Estado de M\u00e9xico; Dilcya Samantha Garc\u00eda Espinoza de los Monteros, Fiscal Central para la Atenci\u00f3n de Delitos Vinculados a la Violencia de G\u00e9nero; Maricela L\u00f3pez Urbina, Secretar\u00eda T\u00e9cnica del Grupo de Coordinaci\u00f3n Territorial para la Construcci\u00f3n de la Paz del Estado de M\u00e9xico; y la activista Elideth Fern\u00e1ndez.<\/p>\n","protected":false},"excerpt":{"rendered":"<p>A trav\u00e9s de la Cepanaf se trabaja con los sectores educativos, judiciales y legislativos para impulsar una reforma integral en materia de bienestar animal. La gobernadora del Estado de M\u00e9xico, Delfina G\u00f3mez \u00c1lvarez, instal\u00f3 la Mesa de Trabajado de Alto Nivel \u201cConstruyendo el Bienestar Animal en el Estado de M\u00e9xico: Por una reforma Integral,\u201d que [&hellip;]<\/p>\n","protected":false},"author":1,"featured_media":54575,"comment_status":"closed","ping_status":"closed","sticky":false,"template":"","format":"standard","meta":{"footnotes":""},"categories":[30,36],"tags":[],"class_list":["post-54574","post","type-post","status-publish","format-standard","has-post-thumbnail","hentry","category-destacado","category-edomex"],"_links":{"self":[{"href":"https:\/\/elinformante.mx\/index.php?rest_route=\/wp\/v2\/posts\/54574","targetHints":{"allow":["GET"]}}],"collection":[{"href":"https:\/\/elinformante.mx\/index.php?rest_route=\/wp\/v2\/posts"}],"about":[{"href":"https:\/\/elinformante.mx\/index.php?rest_route=\/wp\/v2\/types\/post"}],"author":[{"embeddable":true,"href":"https:\/\/elinformante.mx\/index.php?rest_route=\/wp\/v2\/users\/1"}],"replies":[{"embeddable":true,"href":"https:\/\/elinformante.mx\/index.php?rest_route=%2Fwp%2Fv2%2Fcomments&post=54574"}],"version-history":[{"count":0,"href":"https:\/\/elinformante.mx\/index.php?rest_route=\/wp\/v2\/posts\/54574\/revisions"}],"wp:featuredmedia":[{"embeddable":true,"href":"https:\/\/elinformante.mx\/index.php?rest_route=\/wp\/v2\/media\/54575"}],"wp:attachment":[{"href":"https:\/\/elinformante.mx\/index.php?rest_route=%2Fwp%2Fv2%2Fmedia&parent=54574"}],"wp:term":[{"taxonomy":"category","embeddable":true,"href":"https:\/\/elinformante.mx\/index.php?rest_route=%2Fwp%2Fv2%2Fcategories&post=54574"},{"taxonomy":"post_tag","embeddable":true,"href":"https:\/\/elinformante.mx\/index.php?rest_route=%2Fwp%2Fv2%2Ftags&post=54574"}],"curies":[{"name":"wp","href":"https:\/\/api.w.org\/{rel}","templated":true}]}}