{"id":54577,"date":"2024-05-17T07:45:13","date_gmt":"2024-05-17T13:45:13","guid":{"rendered":"https:\/\/elinformante.mx\/?p=54577"},"modified":"2024-05-20T21:24:56","modified_gmt":"2024-05-21T03:24:56","slug":"realizan-el-festival-de-la-diversidad-en-benito-juarez","status":"publish","type":"post","link":"https:\/\/elinformante.mx\/?p=54577","title":{"rendered":"Realizan el festival de la diversidad en Benito Ju\u00e1rez"},"content":{"rendered":"\n<blockquote class=\"wp-block-quote is-layout-flow wp-block-quote-is-layout-flow\">\n<p>Habr\u00e1 cineclub, exposiciones culturales, carrera de colores y m\u00e1s.<\/p>\n<\/blockquote>\n\n\n\n<p>La alcald\u00eda Benito Ju\u00e1rez se pintar\u00e1 de colores y realizar\u00e1 un festival sobre la diversidad sexual e inclusi\u00f3n, habr\u00e1 cineclub, exposiciones culturales, carrera de colores y m\u00e1s.<br><\/p>\n\n\n\n<p>Cineclub en el Audiovideorama del Parque Hundido<br><\/p>\n\n\n\n<p>Este jueves se present\u00f3 \u201cEl lugar sin l\u00edmite\u201d, una pel\u00edcula mexicana del a\u00f1o 1978 basada en la novela del autor chileno Jos\u00e9 Donoso, quien tambi\u00e9n particip\u00f3 en el guion del filme.<br><\/p>\n\n\n\n<p>\u201cEn un peque\u00f1o pueblo, la Manuela, due\u00f1a de un burdel de g\u00e9nero fluido, y su hija quieren seducir a Pancho, que ve amenazada su virilidad. Entretanto, un codicioso capitalista busca comprar el pueblo y el burdel de la Manuela es la \u00faltima propiedad que le falta adquirir para lograr el monopolio\u201d<br><\/p>\n\n\n\n<p>Casa de cultura Emilio Carballido<br><\/p>\n\n\n\n<p>Exposici\u00f3n pict\u00f3rica \u201cDurante la Transici\u00f3n\u201d, se llevar\u00e1 a cabo el viernes 17 de mayo a las 18:00 horas.<br><\/p>\n\n\n\n<figure class=\"wp-block-image size-large\"><img fetchpriority=\"high\" decoding=\"async\" width=\"1024\" height=\"503\" src=\"https:\/\/elinformante.mx\/wp-content\/uploads\/2024\/05\/6GAYS-1024x503.jpg\" alt=\"\" class=\"wp-image-54579\" srcset=\"https:\/\/elinformante.mx\/wp-content\/uploads\/2024\/05\/6GAYS-1024x503.jpg 1024w, https:\/\/elinformante.mx\/wp-content\/uploads\/2024\/05\/6GAYS-300x147.jpg 300w, https:\/\/elinformante.mx\/wp-content\/uploads\/2024\/05\/6GAYS-768x377.jpg 768w, https:\/\/elinformante.mx\/wp-content\/uploads\/2024\/05\/6GAYS-580x285.jpg 580w, https:\/\/elinformante.mx\/wp-content\/uploads\/2024\/05\/6GAYS-860x422.jpg 860w, https:\/\/elinformante.mx\/wp-content\/uploads\/2024\/05\/6GAYS.jpg 1140w\" sizes=\"(max-width: 1024px) 100vw, 1024px\" \/><\/figure>\n\n\n\n<p>Parque arboledas<br><\/p>\n\n\n\n<p>El s\u00e1bado 18 de mayo, llevaran a cabo un bazar que estar\u00e1 abierto al p\u00fablico, desde las 13:00 horas, el mismo d\u00eda tambi\u00e9n habr\u00e1 una programaci\u00f3n especial:<br><\/p>\n\n\n\n<p>Un coro formar\u00e1 parte de este evento, se presentar\u00e1 a las 18:00 horas.<br><\/p>\n\n\n\n<p>A las 19:00 horas te sorprender\u00e1s con el \u201cM\u00e9xico de colores\u201d<br><\/p>\n\n\n\n<p>A las 19:30 horas podr\u00e1s formar parte de la carrera de colores que partir\u00e1 del parque Pilares.<br><\/p>\n\n\n\n<p>Y para cerrar, a las 20:00 horas se presentar\u00e1 el coro Gay CDMX LGTB+<\/p>\n","protected":false},"excerpt":{"rendered":"<p>Habr\u00e1 cineclub, exposiciones culturales, carrera de colores y m\u00e1s. La alcald\u00eda Benito Ju\u00e1rez se pintar\u00e1 de colores y realizar\u00e1 un festival sobre la diversidad sexual e inclusi\u00f3n, habr\u00e1 cineclub, exposiciones culturales, carrera de colores y m\u00e1s. Cineclub en el Audiovideorama del Parque Hundido Este jueves se present\u00f3 \u201cEl lugar sin l\u00edmite\u201d, una pel\u00edcula mexicana del [&hellip;]<\/p>\n","protected":false},"author":1,"featured_media":54578,"comment_status":"closed","ping_status":"closed","sticky":false,"template":"","format":"standard","meta":{"footnotes":""},"categories":[35],"tags":[],"class_list":["post-54577","post","type-post","status-publish","format-standard","has-post-thumbnail","hentry","category-cdmx"],"_links":{"self":[{"href":"https:\/\/elinformante.mx\/index.php?rest_route=\/wp\/v2\/posts\/54577","targetHints":{"allow":["GET"]}}],"collection":[{"href":"https:\/\/elinformante.mx\/index.php?rest_route=\/wp\/v2\/posts"}],"about":[{"href":"https:\/\/elinformante.mx\/index.php?rest_route=\/wp\/v2\/types\/post"}],"author":[{"embeddable":true,"href":"https:\/\/elinformante.mx\/index.php?rest_route=\/wp\/v2\/users\/1"}],"replies":[{"embeddable":true,"href":"https:\/\/elinformante.mx\/index.php?rest_route=%2Fwp%2Fv2%2Fcomments&post=54577"}],"version-history":[{"count":0,"href":"https:\/\/elinformante.mx\/index.php?rest_route=\/wp\/v2\/posts\/54577\/revisions"}],"wp:featuredmedia":[{"embeddable":true,"href":"https:\/\/elinformante.mx\/index.php?rest_route=\/wp\/v2\/media\/54578"}],"wp:attachment":[{"href":"https:\/\/elinformante.mx\/index.php?rest_route=%2Fwp%2Fv2%2Fmedia&parent=54577"}],"wp:term":[{"taxonomy":"category","embeddable":true,"href":"https:\/\/elinformante.mx\/index.php?rest_route=%2Fwp%2Fv2%2Fcategories&post=54577"},{"taxonomy":"post_tag","embeddable":true,"href":"https:\/\/elinformante.mx\/index.php?rest_route=%2Fwp%2Fv2%2Ftags&post=54577"}],"curies":[{"name":"wp","href":"https:\/\/api.w.org\/{rel}","templated":true}]}}