{"id":54599,"date":"2024-05-17T08:06:17","date_gmt":"2024-05-17T14:06:17","guid":{"rendered":"https:\/\/elinformante.mx\/?p=54599"},"modified":"2024-05-20T21:24:55","modified_gmt":"2024-05-21T03:24:55","slug":"policia-de-tijuana-se-mantiene-en-alerta-ante-ataques-armados","status":"publish","type":"post","link":"https:\/\/elinformante.mx\/?p=54599","title":{"rendered":"Polic\u00eda de Tijuana se mantiene en alerta ante ataques armados"},"content":{"rendered":"\n<blockquote class=\"wp-block-quote is-layout-flow wp-block-quote-is-layout-flow\">\n<p>La fiscal de Baja California reconoci\u00f3 que hay alerta por los recientes ataques contra la Polic\u00eda Municipal de Tijuana, que han dejado dos muertos.<\/p>\n<\/blockquote>\n\n\n\n<p>La Polic\u00eda Municipal de Tijuana est\u00e1 en alerta ante los recientes ataques armados que, en menos de una semana, han ocasionado la muerte de dos uniformados.<br><\/p>\n\n\n\n<p>Ahorita s\u00ed estamos en una alerta con el secretario (de Seguridad), Fernando S\u00e1nchez, por lo que ha acontecido en estos \u00faltimos d\u00edas, de agresiones contra agentes de la Polic\u00eda Municipal\u201d, se\u00f1al\u00f3 la fiscal de Baja California, Mar\u00eda Elena Andrade.<br><\/p>\n\n\n\n<p>De acuerdo con la fiscal, las investigaciones sobre los ataques \u201cson muy preliminares\u201d, pero se abocan en los entornos personal y laboral de las v\u00edctimas.<br><\/p>\n\n\n\n<p>El 10 de mayo, el subdirector de la Polic\u00eda de Tijuana, Jes\u00fas Becerra, y su escolta, fueron heridos en un ataque armado.<br><\/p>\n\n\n\n<p>Cuatro d\u00edas despu\u00e9s fue asesinado el jefe de Distrito Zona Centro, Julio C\u00e9sar Silva Herrera, en el Fraccionamiento Villa del Real.<br><\/p>\n\n\n\n<p>El mismo d\u00eda fue atacado otro agente en la colonia Las Brisas.<br><\/p>\n\n\n\n<p>Y la ma\u00f1ana del 15 de mayo se localiz\u00f3 el cuerpo del polic\u00eda Lenin Guillermo Salazar Res\u00e9ndiz, v\u00edctima de disparos por arma de fuego.<\/p>\n","protected":false},"excerpt":{"rendered":"<p>La fiscal de Baja California reconoci\u00f3 que hay alerta por los recientes ataques contra la Polic\u00eda Municipal de Tijuana, que han dejado dos muertos. La Polic\u00eda Municipal de Tijuana est\u00e1 en alerta ante los recientes ataques armados que, en menos de una semana, han ocasionado la muerte de dos uniformados. Ahorita s\u00ed estamos en una [&hellip;]<\/p>\n","protected":false},"author":1,"featured_media":54600,"comment_status":"closed","ping_status":"closed","sticky":false,"template":"","format":"standard","meta":{"footnotes":""},"categories":[34],"tags":[],"class_list":["post-54599","post","type-post","status-publish","format-standard","has-post-thumbnail","hentry","category-nacional"],"_links":{"self":[{"href":"https:\/\/elinformante.mx\/index.php?rest_route=\/wp\/v2\/posts\/54599","targetHints":{"allow":["GET"]}}],"collection":[{"href":"https:\/\/elinformante.mx\/index.php?rest_route=\/wp\/v2\/posts"}],"about":[{"href":"https:\/\/elinformante.mx\/index.php?rest_route=\/wp\/v2\/types\/post"}],"author":[{"embeddable":true,"href":"https:\/\/elinformante.mx\/index.php?rest_route=\/wp\/v2\/users\/1"}],"replies":[{"embeddable":true,"href":"https:\/\/elinformante.mx\/index.php?rest_route=%2Fwp%2Fv2%2Fcomments&post=54599"}],"version-history":[{"count":0,"href":"https:\/\/elinformante.mx\/index.php?rest_route=\/wp\/v2\/posts\/54599\/revisions"}],"wp:featuredmedia":[{"embeddable":true,"href":"https:\/\/elinformante.mx\/index.php?rest_route=\/wp\/v2\/media\/54600"}],"wp:attachment":[{"href":"https:\/\/elinformante.mx\/index.php?rest_route=%2Fwp%2Fv2%2Fmedia&parent=54599"}],"wp:term":[{"taxonomy":"category","embeddable":true,"href":"https:\/\/elinformante.mx\/index.php?rest_route=%2Fwp%2Fv2%2Fcategories&post=54599"},{"taxonomy":"post_tag","embeddable":true,"href":"https:\/\/elinformante.mx\/index.php?rest_route=%2Fwp%2Fv2%2Ftags&post=54599"}],"curies":[{"name":"wp","href":"https:\/\/api.w.org\/{rel}","templated":true}]}}