{"id":54602,"date":"2024-05-17T08:07:30","date_gmt":"2024-05-17T14:07:30","guid":{"rendered":"https:\/\/elinformante.mx\/?p=54602"},"modified":"2024-05-20T21:24:52","modified_gmt":"2024-05-21T03:24:52","slug":"exodo-en-el-agro-de-aguascalientes-a-causa-de-la-fuerte-sequia-que-se-padece","status":"publish","type":"post","link":"https:\/\/elinformante.mx\/?p=54602","title":{"rendered":"\u00c9xodo en el agro de Aguascalientes a causa de la fuerte sequ\u00eda que se padece"},"content":{"rendered":"\n<blockquote class=\"wp-block-quote is-layout-flow wp-block-quote-is-layout-flow\">\n<p>Los jornaleros se encuentran desesperados y optan por tratar de buscar trabajo fuera de los ranchos.<\/p>\n<\/blockquote>\n\n\n\n<p>La escasez de agua en Aguascalientes, propicia que un importante n\u00famero de jornaleros agr\u00edcolas opten por buscar nuevas oportunidades laborales en otras actividades no relacionadas con el campo.<br><\/p>\n\n\n\n<p>De acuerdo al presidente de la Uni\u00f3n Ganadera Regional de Aguascalientes, Juan Pablo Franco D\u00edaz, ello deriva de las condiciones adversas que se han presentado por la fuerte sequ\u00eda, lo cual est\u00e1n llevando a las personas dedicadas al campo a buscar empleos fuera de los ranchos.<br><\/p>\n\n\n\n<p>Explic\u00f3 que se trata de j\u00f3venes que prefieren buscar empleo en las zonas urbanas, en las cabeceras municipales o en la capital del estado, donde pueden encontrar un ingreso que les ayude a aminorar el impacto.<br><\/p>\n\n\n\n<p>En este sentido, lament\u00f3 que los campesinos de mayor edad no tienen otra expectativa m\u00e1s que aguardar a que las condiciones clim\u00e1ticas mejoren, ya que es la \u00fanica actividad que han realizado a lo largo de los a\u00f1os.<br><\/p>\n\n\n\n<p>Agreg\u00f3 que en esta situaci\u00f3n hay adultos mayores que, aun cuando recurrieran a la b\u00fasqueda de empleo, dif\u00edcilmente podr\u00edan encontrar alguna oportunidad, adem\u00e1s de tener una tradici\u00f3n por la vida del campo.<br><\/p>\n\n\n\n<p>Las zonas m\u00e1s cr\u00edticas para el campo se encuentran en regiones como El Llano y San Jos\u00e9 de Gracia, donde hay producciones en peque\u00f1as extensiones de tierra o con unos cuantos animales.<\/p>\n","protected":false},"excerpt":{"rendered":"<p>Los jornaleros se encuentran desesperados y optan por tratar de buscar trabajo fuera de los ranchos. La escasez de agua en Aguascalientes, propicia que un importante n\u00famero de jornaleros agr\u00edcolas opten por buscar nuevas oportunidades laborales en otras actividades no relacionadas con el campo. De acuerdo al presidente de la Uni\u00f3n Ganadera Regional de Aguascalientes, [&hellip;]<\/p>\n","protected":false},"author":1,"featured_media":54603,"comment_status":"closed","ping_status":"closed","sticky":false,"template":"","format":"standard","meta":{"footnotes":""},"categories":[30,34],"tags":[],"class_list":["post-54602","post","type-post","status-publish","format-standard","has-post-thumbnail","hentry","category-destacado","category-nacional"],"_links":{"self":[{"href":"https:\/\/elinformante.mx\/index.php?rest_route=\/wp\/v2\/posts\/54602","targetHints":{"allow":["GET"]}}],"collection":[{"href":"https:\/\/elinformante.mx\/index.php?rest_route=\/wp\/v2\/posts"}],"about":[{"href":"https:\/\/elinformante.mx\/index.php?rest_route=\/wp\/v2\/types\/post"}],"author":[{"embeddable":true,"href":"https:\/\/elinformante.mx\/index.php?rest_route=\/wp\/v2\/users\/1"}],"replies":[{"embeddable":true,"href":"https:\/\/elinformante.mx\/index.php?rest_route=%2Fwp%2Fv2%2Fcomments&post=54602"}],"version-history":[{"count":0,"href":"https:\/\/elinformante.mx\/index.php?rest_route=\/wp\/v2\/posts\/54602\/revisions"}],"wp:featuredmedia":[{"embeddable":true,"href":"https:\/\/elinformante.mx\/index.php?rest_route=\/wp\/v2\/media\/54603"}],"wp:attachment":[{"href":"https:\/\/elinformante.mx\/index.php?rest_route=%2Fwp%2Fv2%2Fmedia&parent=54602"}],"wp:term":[{"taxonomy":"category","embeddable":true,"href":"https:\/\/elinformante.mx\/index.php?rest_route=%2Fwp%2Fv2%2Fcategories&post=54602"},{"taxonomy":"post_tag","embeddable":true,"href":"https:\/\/elinformante.mx\/index.php?rest_route=%2Fwp%2Fv2%2Ftags&post=54602"}],"curies":[{"name":"wp","href":"https:\/\/api.w.org\/{rel}","templated":true}]}}