{"id":54605,"date":"2024-05-17T08:12:16","date_gmt":"2024-05-17T14:12:16","guid":{"rendered":"https:\/\/elinformante.mx\/?p=54605"},"modified":"2024-05-20T21:24:52","modified_gmt":"2024-05-21T03:24:52","slug":"a-los-guindas-y-aliados-les-molesta-el-rosa-y-piden-a-ine-que-xochitl-galvez-no-lo-use","status":"publish","type":"post","link":"https:\/\/elinformante.mx\/?p=54605","title":{"rendered":"A los guindas y aliados les molesta el rosa y piden a INE que X\u00f3chitl G\u00e1lvez no lo use"},"content":{"rendered":"\n<blockquote class=\"wp-block-quote is-layout-flow wp-block-quote-is-layout-flow\">\n<p>Se\u00f1alan que el objeto es que la identidad institucional no se confunda con la de la coalici\u00f3n y la imagen de la candidata presidencial X\u00f3chitl G\u00e1lvez.<\/p>\n<\/blockquote>\n\n\n\n<p>Morena exigi\u00f3 al Instituto Nacional Electoral (INE), su intervenci\u00f3n para que la candidata de oposici\u00f3n, X\u00f3chitl G\u00e1lvez Ru\u00edz, y los partidos que la impulsan, dejen de usar el color rosa como distintivo, ya que es \u201csimilar\u201d al que usa el organismo electoral.<br><\/p>\n\n\n\n<p>A unos d\u00edas de que se registre la marcha del movimiento denominado \u201cMarea Rosa\u201d, los representantes de Morena, PVEM y PT presentaron una solicitud formal al Instituto.<br><\/p>\n\n\n\n<p>\u201cSe solicita que el Instituto Nacional Electoral deje de utilizar dicho color en su identidad gr\u00e1fica, con el objeto que se garanticen los principios de independencia, imparcialidad y objetividad, y la identidad institucional no se confunda con la de la coalici\u00f3n y la imagen de la candidata presidencial Bertha X\u00f3chitl G\u00e1lvez Ruiz\u201d, indica la petici\u00f3n de la coalici\u00f3n Sigamos Haciendo Historia.<br><\/p>\n\n\n\n<p>Durante la sesi\u00f3n del Consejo General, al hablar sobre los preparativos de la elecci\u00f3n, los representantes criticaron la movilizaci\u00f3n del pr\u00f3ximo domingo, que, reclamaron, tambi\u00e9n tiene como distintivo el rosa.<br><\/p>\n\n\n\n<p>\u201cHa habido una necedad por parte de la coalici\u00f3n de oposici\u00f3n de dejar de utilizar un color, que es el color oficial de este \u00f3rgano electoral. Ellos se han negado por todos los mecanismos, pretendiendo confundir a la gente. Si ellos est\u00e1n cerrados, pretendiendo montarse en una campa\u00f1a de ustedes, pues algo tenemos que hacer para que no se d\u00e9 de esa forma.<br><\/p>\n\n\n\n<p>\u201c\u00bfQu\u00e9 veo yo? Veo que su candidata tambi\u00e9n va a renegar de ustedes pasando la elecci\u00f3n. Creemos que va a dejarlos colgados de la brocha y va a hacer o va a tratar de hacer un partido pol\u00edtico\u201d, afirm\u00f3 el morenista Sergio Guti\u00e9rrez.<br><\/p>\n\n\n\n<p>El pevemista Carlos Puente acusaron a la oposici\u00f3n de estar desesperados y agarrarse de cualquier cosa, como el color del INE, para atraer m\u00e1s votos.<br><\/p>\n\n\n\n<p>\u201cEsa marea rosa que se llamaba utilizando el color que aqu\u00ed ya se ha mencionado, que ha utilizado el INE para tratar de separarse de los colores de los partidos y que se viera como algo de una invitaci\u00f3n, s\u00ed, participaci\u00f3n ciudadana, ellos lo hicieron y lo manipularon\u201d, a\u00f1adi\u00f3.<\/p>\n","protected":false},"excerpt":{"rendered":"<p>Se\u00f1alan que el objeto es que la identidad institucional no se confunda con la de la coalici\u00f3n y la imagen de la candidata presidencial X\u00f3chitl G\u00e1lvez. Morena exigi\u00f3 al Instituto Nacional Electoral (INE), su intervenci\u00f3n para que la candidata de oposici\u00f3n, X\u00f3chitl G\u00e1lvez Ru\u00edz, y los partidos que la impulsan, dejen de usar el color [&hellip;]<\/p>\n","protected":false},"author":1,"featured_media":54606,"comment_status":"closed","ping_status":"closed","sticky":false,"template":"","format":"standard","meta":{"footnotes":""},"categories":[34],"tags":[],"class_list":["post-54605","post","type-post","status-publish","format-standard","has-post-thumbnail","hentry","category-nacional"],"_links":{"self":[{"href":"https:\/\/elinformante.mx\/index.php?rest_route=\/wp\/v2\/posts\/54605","targetHints":{"allow":["GET"]}}],"collection":[{"href":"https:\/\/elinformante.mx\/index.php?rest_route=\/wp\/v2\/posts"}],"about":[{"href":"https:\/\/elinformante.mx\/index.php?rest_route=\/wp\/v2\/types\/post"}],"author":[{"embeddable":true,"href":"https:\/\/elinformante.mx\/index.php?rest_route=\/wp\/v2\/users\/1"}],"replies":[{"embeddable":true,"href":"https:\/\/elinformante.mx\/index.php?rest_route=%2Fwp%2Fv2%2Fcomments&post=54605"}],"version-history":[{"count":0,"href":"https:\/\/elinformante.mx\/index.php?rest_route=\/wp\/v2\/posts\/54605\/revisions"}],"wp:featuredmedia":[{"embeddable":true,"href":"https:\/\/elinformante.mx\/index.php?rest_route=\/wp\/v2\/media\/54606"}],"wp:attachment":[{"href":"https:\/\/elinformante.mx\/index.php?rest_route=%2Fwp%2Fv2%2Fmedia&parent=54605"}],"wp:term":[{"taxonomy":"category","embeddable":true,"href":"https:\/\/elinformante.mx\/index.php?rest_route=%2Fwp%2Fv2%2Fcategories&post=54605"},{"taxonomy":"post_tag","embeddable":true,"href":"https:\/\/elinformante.mx\/index.php?rest_route=%2Fwp%2Fv2%2Ftags&post=54605"}],"curies":[{"name":"wp","href":"https:\/\/api.w.org\/{rel}","templated":true}]}}