{"id":54608,"date":"2024-05-17T08:16:32","date_gmt":"2024-05-17T14:16:32","guid":{"rendered":"https:\/\/elinformante.mx\/?p=54608"},"modified":"2024-05-20T21:24:52","modified_gmt":"2024-05-21T03:24:52","slug":"xochitl-galvez-acepta-que-el-ine-fiscalice-marcha-de-marea-rosa","status":"publish","type":"post","link":"https:\/\/elinformante.mx\/?p=54608","title":{"rendered":"X\u00f3chitl G\u00e1lvez acepta que el INE fiscalice marcha de Marea Rosa"},"content":{"rendered":"\n<blockquote class=\"wp-block-quote is-layout-flow wp-block-quote-is-layout-flow\">\n<p>La candidata presidencial tendr\u00e1 un cierre conjunto en la capital, para despu\u00e9s tener cierres regionales hasta el 29 de mayo.<\/p>\n<\/blockquote>\n\n\n\n<p>X\u00f3chitl G\u00e1lvez Ru\u00edz, candidata presidencial de la coalici\u00f3n Fuerza y Coraz\u00f3n por M\u00e9xico, aceptar\u00e1 que el Instituto Nacional Electoral (INE) le fiscalice como gasto de campa\u00f1a la movilizaci\u00f3n del pr\u00f3ximo domingo 19 de mayo al Z\u00f3calo, convocado por la llamada Marea Rosa, el cual ser\u00e1 su cierre en la Ciudad de M\u00e9xico.<br><\/p>\n\n\n\n<p>Ello lo revel\u00f3 Max Cort\u00e1zar, vocero de G\u00e1lvez Ruiz, en entrevista con medios, luego de participar en la mesa de representantes de las candidatas y el candidato ante el INE para el \u00faltimo debate presidencial.<br><\/p>\n\n\n\n<figure class=\"wp-block-image size-large\"><img fetchpriority=\"high\" decoding=\"async\" width=\"1024\" height=\"503\" src=\"https:\/\/elinformante.mx\/wp-content\/uploads\/2024\/05\/10XOCHITL-2-6-1024x503.jpg\" alt=\"\" class=\"wp-image-54610\" srcset=\"https:\/\/elinformante.mx\/wp-content\/uploads\/2024\/05\/10XOCHITL-2-6-1024x503.jpg 1024w, https:\/\/elinformante.mx\/wp-content\/uploads\/2024\/05\/10XOCHITL-2-6-300x147.jpg 300w, https:\/\/elinformante.mx\/wp-content\/uploads\/2024\/05\/10XOCHITL-2-6-768x377.jpg 768w, https:\/\/elinformante.mx\/wp-content\/uploads\/2024\/05\/10XOCHITL-2-6-580x285.jpg 580w, https:\/\/elinformante.mx\/wp-content\/uploads\/2024\/05\/10XOCHITL-2-6-860x422.jpg 860w, https:\/\/elinformante.mx\/wp-content\/uploads\/2024\/05\/10XOCHITL-2-6.jpg 1140w\" sizes=\"(max-width: 1024px) 100vw, 1024px\" \/><\/figure>\n\n\n\n<p>\u201cLo que decida el INE, lo que norme el INE, nosotros lo cumpliremos al 100 por ciento; de origen fue una invitaci\u00f3n, pero entendemos que el INE tiene su tema de fiscalizaci\u00f3n y si el INE decide que hay una fiscalizaci\u00f3n, cumpliremos con la normatividad que tiene el INE\u201d, afirm\u00f3.<br><\/p>\n\n\n\n<p>Ese d\u00eda, G\u00e1lvez acompa\u00f1ar\u00e1 al candidato a la Jefatura de Gobierno de la misma coalici\u00f3n, Santiago Taboada, y ser\u00e1 un cierre conjunto en la capital, para despu\u00e9s tener cierres regionales hasta el 29 de mayo, que tendr\u00e1 un acto masivo en Monterrey.<br><\/p>\n\n\n\n<p>\u00a0\u201cLa siguiente semana seguiremos con la agenda que hemos venido realizando, terminando de visitar algunos estados y a partir del s\u00e1bado los cierres que vamos a hacer van a ser en diferentes estados de la Rep\u00fablica, dij\u00e9ramos, en la Ciudad de M\u00e9xico es el domingo y el siguiente fin de semana, hasta el mi\u00e9rcoles que termina la campa\u00f1a, los cierres se har\u00e1n en diferentes estados, ser\u00e1n Guadalajara, Veracruz, Puebla, Nuevo Le\u00f3n, Chiapas, en varios estados estaremos, yo creo que recorriendo y estando pr\u00e1cticamente en dos o tres cierres diarios por estado\u201d, dijo Cort\u00e1zar.<\/p>\n","protected":false},"excerpt":{"rendered":"<p>La candidata presidencial tendr\u00e1 un cierre conjunto en la capital, para despu\u00e9s tener cierres regionales hasta el 29 de mayo. X\u00f3chitl G\u00e1lvez Ru\u00edz, candidata presidencial de la coalici\u00f3n Fuerza y Coraz\u00f3n por M\u00e9xico, aceptar\u00e1 que el Instituto Nacional Electoral (INE) le fiscalice como gasto de campa\u00f1a la movilizaci\u00f3n del pr\u00f3ximo domingo 19 de mayo al [&hellip;]<\/p>\n","protected":false},"author":1,"featured_media":54609,"comment_status":"closed","ping_status":"closed","sticky":false,"template":"","format":"standard","meta":{"footnotes":""},"categories":[30,34],"tags":[],"class_list":["post-54608","post","type-post","status-publish","format-standard","has-post-thumbnail","hentry","category-destacado","category-nacional"],"_links":{"self":[{"href":"https:\/\/elinformante.mx\/index.php?rest_route=\/wp\/v2\/posts\/54608","targetHints":{"allow":["GET"]}}],"collection":[{"href":"https:\/\/elinformante.mx\/index.php?rest_route=\/wp\/v2\/posts"}],"about":[{"href":"https:\/\/elinformante.mx\/index.php?rest_route=\/wp\/v2\/types\/post"}],"author":[{"embeddable":true,"href":"https:\/\/elinformante.mx\/index.php?rest_route=\/wp\/v2\/users\/1"}],"replies":[{"embeddable":true,"href":"https:\/\/elinformante.mx\/index.php?rest_route=%2Fwp%2Fv2%2Fcomments&post=54608"}],"version-history":[{"count":0,"href":"https:\/\/elinformante.mx\/index.php?rest_route=\/wp\/v2\/posts\/54608\/revisions"}],"wp:featuredmedia":[{"embeddable":true,"href":"https:\/\/elinformante.mx\/index.php?rest_route=\/wp\/v2\/media\/54609"}],"wp:attachment":[{"href":"https:\/\/elinformante.mx\/index.php?rest_route=%2Fwp%2Fv2%2Fmedia&parent=54608"}],"wp:term":[{"taxonomy":"category","embeddable":true,"href":"https:\/\/elinformante.mx\/index.php?rest_route=%2Fwp%2Fv2%2Fcategories&post=54608"},{"taxonomy":"post_tag","embeddable":true,"href":"https:\/\/elinformante.mx\/index.php?rest_route=%2Fwp%2Fv2%2Ftags&post=54608"}],"curies":[{"name":"wp","href":"https:\/\/api.w.org\/{rel}","templated":true}]}}