{"id":54615,"date":"2024-05-17T08:20:45","date_gmt":"2024-05-17T14:20:45","guid":{"rendered":"https:\/\/elinformante.mx\/?p=54615"},"modified":"2024-05-20T21:24:53","modified_gmt":"2024-05-21T03:24:53","slug":"proyectos-de-rescate-de-rios-y-presas-son-respaldados-por-la-secretaria-del-agua-en-edomex","status":"publish","type":"post","link":"https:\/\/elinformante.mx\/?p=54615","title":{"rendered":"Proyectos de rescate de r\u00edos y presas son respaldados por la Secretaria del Agua en Edom\u00e9x"},"content":{"rendered":"\n<blockquote class=\"wp-block-quote is-layout-flow wp-block-quote-is-layout-flow\">\n<p>Son las comunidades ind\u00edgenas quienes, preocupadas por la contaminaci\u00f3n y el abasto de agua, proponen soluciones al Gobierno del Estado de M\u00e9xico.<\/p>\n<\/blockquote>\n\n\n\n<p>Los pueblos originarios de San Felipe del Progreso y sus alrededores, as\u00ed como la comunidad acad\u00e9mica de la Universidad Intercultural del Estado de M\u00e9xico (UIEM), entablaron un di\u00e1logo con autoridades del Gobierno estatal, para impulsar y ejecutar programas que promuevan el desarrollo sostenible en la regi\u00f3n, alineados al Plan Estatal de Desarrollo 2023-2029.<br><\/p>\n\n\n\n<p>Durante esta reuni\u00f3n, se recogieron propuestas, experiencias y preocupaciones sobre el abasto de agua, recuperaci\u00f3n de humedales, como la rehabilitaci\u00f3n del R\u00edo Jaltepec, proyectos bioculturales y labores en vinculaci\u00f3n comunitaria o Pjx\u00f6te, por su significado en mazahua.<br><\/p>\n\n\n\n<p>Los directivos de la UIEM tambi\u00e9n coincidieron en la rapidez con la que la deforestaci\u00f3n y la contaminaci\u00f3n de humedales ha alcanzado a San Felipe del Progreso, y solicitaron a la comunidad estudiantil que propongan proyectos a fin de promover una nueva gesti\u00f3n h\u00eddrica, as\u00ed como sanear las presas y los r\u00edos del municipio.<br><\/p>\n\n\n\n<p>El Secretario del Agua, Pedro Moctezuma Barrag\u00e1n, indic\u00f3 que 5.3 millones de mexiquenses son abastecidos de agua proveniente de sistemas de agua comunitarios y sum\u00f3 que es importante promover los comit\u00e9s de cuenca a cargo de la Direcci\u00f3n de Derecho Humano al Agua, de reciente creaci\u00f3n en la Secretar\u00eda del ramo.<br><\/p>\n\n\n\n<p>A solicitud de la comunidad universitaria, se propuso la instalaci\u00f3n de ba\u00f1os secos dentro de esta universidad pionera en ecotecnias, as\u00ed como programas de alfabetizaci\u00f3n h\u00eddrica, adem\u00e1s de la conformaci\u00f3n de Brigadas de Acci\u00f3n y Atenci\u00f3n H\u00eddrica Social.<br><\/p>\n\n\n\n<p>Despu\u00e9s de la conversaci\u00f3n, funcionarios de la Secretar\u00eda del Agua y pobladores realizaron un recorrido por la Presa Tepetitl\u00e1n y el Puente de la Calzada, para conocer su situaci\u00f3n actual, pues son puntos que sufren de escasez y un deterioro gradual que perjudica a los pobladores, ya que es fuente del vital l\u00edquido para desempe\u00f1ar sus principales actividades cotidianas.<\/p>\n","protected":false},"excerpt":{"rendered":"<p>Son las comunidades ind\u00edgenas quienes, preocupadas por la contaminaci\u00f3n y el abasto de agua, proponen soluciones al Gobierno del Estado de M\u00e9xico. Los pueblos originarios de San Felipe del Progreso y sus alrededores, as\u00ed como la comunidad acad\u00e9mica de la Universidad Intercultural del Estado de M\u00e9xico (UIEM), entablaron un di\u00e1logo con autoridades del Gobierno estatal, [&hellip;]<\/p>\n","protected":false},"author":1,"featured_media":54616,"comment_status":"closed","ping_status":"closed","sticky":false,"template":"","format":"standard","meta":{"footnotes":""},"categories":[30,36,31],"tags":[],"class_list":["post-54615","post","type-post","status-publish","format-standard","has-post-thumbnail","hentry","category-destacado","category-edomex","category-portada"],"_links":{"self":[{"href":"https:\/\/elinformante.mx\/index.php?rest_route=\/wp\/v2\/posts\/54615","targetHints":{"allow":["GET"]}}],"collection":[{"href":"https:\/\/elinformante.mx\/index.php?rest_route=\/wp\/v2\/posts"}],"about":[{"href":"https:\/\/elinformante.mx\/index.php?rest_route=\/wp\/v2\/types\/post"}],"author":[{"embeddable":true,"href":"https:\/\/elinformante.mx\/index.php?rest_route=\/wp\/v2\/users\/1"}],"replies":[{"embeddable":true,"href":"https:\/\/elinformante.mx\/index.php?rest_route=%2Fwp%2Fv2%2Fcomments&post=54615"}],"version-history":[{"count":0,"href":"https:\/\/elinformante.mx\/index.php?rest_route=\/wp\/v2\/posts\/54615\/revisions"}],"wp:featuredmedia":[{"embeddable":true,"href":"https:\/\/elinformante.mx\/index.php?rest_route=\/wp\/v2\/media\/54616"}],"wp:attachment":[{"href":"https:\/\/elinformante.mx\/index.php?rest_route=%2Fwp%2Fv2%2Fmedia&parent=54615"}],"wp:term":[{"taxonomy":"category","embeddable":true,"href":"https:\/\/elinformante.mx\/index.php?rest_route=%2Fwp%2Fv2%2Fcategories&post=54615"},{"taxonomy":"post_tag","embeddable":true,"href":"https:\/\/elinformante.mx\/index.php?rest_route=%2Fwp%2Fv2%2Ftags&post=54615"}],"curies":[{"name":"wp","href":"https:\/\/api.w.org\/{rel}","templated":true}]}}