{"id":54621,"date":"2024-05-17T08:25:14","date_gmt":"2024-05-17T14:25:14","guid":{"rendered":"https:\/\/elinformante.mx\/?p=54621"},"modified":"2024-05-20T21:24:51","modified_gmt":"2024-05-21T03:24:51","slug":"sheinbaum-habla-antes-de-tiempo-que-le-haran-fraude","status":"publish","type":"post","link":"https:\/\/elinformante.mx\/?p=54621","title":{"rendered":"SHEINBAUM HABLA ANTES DE TIEMPO \u201cQUE LE HAR\u00c1N FRAUDE\u201d"},"content":{"rendered":"\n<blockquote class=\"wp-block-quote is-layout-flow wp-block-quote-is-layout-flow\">\n<p>La abanderada de Morena pidi\u00f3 en Nayarit a sus simpatizantes demostrar en las urnas \u201cla diferencia que traemos en las encuestas\u201d.<\/p>\n<\/blockquote>\n\n\n\n<p>Adelant\u00e1ndose a todo, como si contara con \u201cuna bola m\u00e1gica\u201d, la candidata presidencial oficialista, Claudia Sheinbaum Pardo, lanz\u00f3 la voz de alerta en Nayarit, donde sostuvo que la oposici\u00f3n busca \u201chacer fraude\u201d en la elecci\u00f3n del 2 de junio.<br><\/p>\n\n\n\n<p>En un claro contrasentido, toda vez que los fraudes que se llegan a presentar en comicios parten de los gobiernos, Sheinbaum Pardo expuso una especie de remedio para no perder: que se organicen listas de 10 personas para asegurarse de que salgan a votar.<br><\/p>\n\n\n\n<figure class=\"wp-block-image size-large\"><img fetchpriority=\"high\" decoding=\"async\" width=\"1024\" height=\"503\" src=\"https:\/\/elinformante.mx\/wp-content\/uploads\/2024\/05\/SHEINBAUM-2-1024x503.jpg\" alt=\"\" class=\"wp-image-54623\" srcset=\"https:\/\/elinformante.mx\/wp-content\/uploads\/2024\/05\/SHEINBAUM-2-1024x503.jpg 1024w, https:\/\/elinformante.mx\/wp-content\/uploads\/2024\/05\/SHEINBAUM-2-300x147.jpg 300w, https:\/\/elinformante.mx\/wp-content\/uploads\/2024\/05\/SHEINBAUM-2-768x377.jpg 768w, https:\/\/elinformante.mx\/wp-content\/uploads\/2024\/05\/SHEINBAUM-2-580x285.jpg 580w, https:\/\/elinformante.mx\/wp-content\/uploads\/2024\/05\/SHEINBAUM-2-860x422.jpg 860w, https:\/\/elinformante.mx\/wp-content\/uploads\/2024\/05\/SHEINBAUM-2.jpg 1140w\" sizes=\"(max-width: 1024px) 100vw, 1024px\" \/><\/figure>\n\n\n\n<p>Indic\u00f3 que ellos tienen que defender un hipot\u00e9tico triunfo y que la \u00fanica manera de hacerlo es que salga la ciudadan\u00eda a votar masivamente.<br><\/p>\n\n\n\n<p>Refiri\u00f3 que en el 2018 no pudieron decir nada porque la diferencia entre el entonces candidato Andr\u00e9s Manuel L\u00f3pez Obrador y el segundo lugar fue muy grande.<br><\/p>\n\n\n\n<figure class=\"wp-block-image size-large\"><img decoding=\"async\" width=\"1024\" height=\"503\" src=\"https:\/\/elinformante.mx\/wp-content\/uploads\/2024\/05\/SHEINBAUM-3-1024x503.jpg\" alt=\"\" class=\"wp-image-54624\" srcset=\"https:\/\/elinformante.mx\/wp-content\/uploads\/2024\/05\/SHEINBAUM-3-1024x503.jpg 1024w, https:\/\/elinformante.mx\/wp-content\/uploads\/2024\/05\/SHEINBAUM-3-300x147.jpg 300w, https:\/\/elinformante.mx\/wp-content\/uploads\/2024\/05\/SHEINBAUM-3-768x377.jpg 768w, https:\/\/elinformante.mx\/wp-content\/uploads\/2024\/05\/SHEINBAUM-3-580x285.jpg 580w, https:\/\/elinformante.mx\/wp-content\/uploads\/2024\/05\/SHEINBAUM-3-860x422.jpg 860w, https:\/\/elinformante.mx\/wp-content\/uploads\/2024\/05\/SHEINBAUM-3.jpg 1140w\" sizes=\"(max-width: 1024px) 100vw, 1024px\" \/><\/figure>\n\n\n\n<p>En conferencia de prensa, tambi\u00e9n dijo que sus razones radican en el hecho de una presunta reuni\u00f3n que la presidenta de la Suprema Corte, Norma Pi\u00f1a, sostuvo con los magistrados electorales y los dirigentes de partidos de oposici\u00f3n, espec\u00edficamente con Alejandro Moreno C\u00e1rdenas, l\u00edder nacional del PRI.<br><\/p>\n\n\n\n<p>\u201cDe ser cierta esta cena, pues lo que muestra es el v\u00ednculo directo del que hemos estado hablando, y del que ha hablado el Presidente, donde la presidencia de la Suprema Corte act\u00faa pol\u00edticamente y est\u00e1 operando electoralmente\u201d, dijo.<br><\/p>\n\n\n\n<figure class=\"wp-block-image size-large\"><img decoding=\"async\" width=\"1024\" height=\"503\" src=\"https:\/\/elinformante.mx\/wp-content\/uploads\/2024\/05\/SHEINBAUM-4-1024x503.jpg\" alt=\"\" class=\"wp-image-54625\" srcset=\"https:\/\/elinformante.mx\/wp-content\/uploads\/2024\/05\/SHEINBAUM-4-1024x503.jpg 1024w, https:\/\/elinformante.mx\/wp-content\/uploads\/2024\/05\/SHEINBAUM-4-300x147.jpg 300w, https:\/\/elinformante.mx\/wp-content\/uploads\/2024\/05\/SHEINBAUM-4-768x377.jpg 768w, https:\/\/elinformante.mx\/wp-content\/uploads\/2024\/05\/SHEINBAUM-4-580x285.jpg 580w, https:\/\/elinformante.mx\/wp-content\/uploads\/2024\/05\/SHEINBAUM-4-860x422.jpg 860w, https:\/\/elinformante.mx\/wp-content\/uploads\/2024\/05\/SHEINBAUM-4.jpg 1140w\" sizes=\"(max-width: 1024px) 100vw, 1024px\" \/><\/figure>\n\n\n\n<p>E insisti\u00f3, lejos de las intervenciones que el propio presidente ha hecho en el proceso electoral, que a sus opositores \u201cles gustan los fraudes\u201d, que tienen en su ADN la simiente del fraude.<br><\/p>\n\n\n\n<p>\u201cEntonces, salgamos a votar masivamente. Confiamos en el pueblo de M\u00e9xico. Entonces este llamado a todas y todos a salir a votar y que no haya ninguna marruller\u00eda\u201d, apunt\u00f3.<br><\/p>\n\n\n\n<figure class=\"wp-block-image size-large\"><img loading=\"lazy\" decoding=\"async\" width=\"1024\" height=\"503\" src=\"https:\/\/elinformante.mx\/wp-content\/uploads\/2024\/05\/SHEINBAUM-6-1024x503.jpg\" alt=\"\" class=\"wp-image-54626\" srcset=\"https:\/\/elinformante.mx\/wp-content\/uploads\/2024\/05\/SHEINBAUM-6-1024x503.jpg 1024w, https:\/\/elinformante.mx\/wp-content\/uploads\/2024\/05\/SHEINBAUM-6-300x147.jpg 300w, https:\/\/elinformante.mx\/wp-content\/uploads\/2024\/05\/SHEINBAUM-6-768x377.jpg 768w, https:\/\/elinformante.mx\/wp-content\/uploads\/2024\/05\/SHEINBAUM-6-580x285.jpg 580w, https:\/\/elinformante.mx\/wp-content\/uploads\/2024\/05\/SHEINBAUM-6-860x422.jpg 860w, https:\/\/elinformante.mx\/wp-content\/uploads\/2024\/05\/SHEINBAUM-6.jpg 1140w\" sizes=\"(max-width: 1024px) 100vw, 1024px\" \/><\/figure>\n\n\n\n<p>Por otro lado, neg\u00f3 que Morena financie la campa\u00f1a del candidato presidencial de Movimiento Ciudadano, Jorge \u00c1lvarez M\u00e1ynez, a quien han visto como \u201cesquirol\u201d que busca dividir el voto de la oposici\u00f3n.<br><\/p>\n\n\n\n<p>\u201cEs falso\u201d, dijo y consider\u00f3 que en \u201cel PRIAN\u201d existe \u201cdesesperaci\u00f3n\u201d porque van muy abajo en las encuestas, por lo que han recurrido a \u201cla guerra sucia\u201d, \u201cel odio\u201d, \u201clas calumnias\u201d y el llamado al candidato de MC para que se baje de la elecci\u00f3n.<\/p>\n\n\n\n<figure class=\"wp-block-image size-large\"><img loading=\"lazy\" decoding=\"async\" width=\"1024\" height=\"503\" src=\"https:\/\/elinformante.mx\/wp-content\/uploads\/2024\/05\/SHEINBAUM-1024x503.jpg\" alt=\"\" class=\"wp-image-54627\" srcset=\"https:\/\/elinformante.mx\/wp-content\/uploads\/2024\/05\/SHEINBAUM-1024x503.jpg 1024w, https:\/\/elinformante.mx\/wp-content\/uploads\/2024\/05\/SHEINBAUM-300x147.jpg 300w, https:\/\/elinformante.mx\/wp-content\/uploads\/2024\/05\/SHEINBAUM-768x377.jpg 768w, https:\/\/elinformante.mx\/wp-content\/uploads\/2024\/05\/SHEINBAUM-580x285.jpg 580w, https:\/\/elinformante.mx\/wp-content\/uploads\/2024\/05\/SHEINBAUM-860x422.jpg 860w, https:\/\/elinformante.mx\/wp-content\/uploads\/2024\/05\/SHEINBAUM.jpg 1140w\" sizes=\"(max-width: 1024px) 100vw, 1024px\" \/><\/figure>\n","protected":false},"excerpt":{"rendered":"<p>La abanderada de Morena pidi\u00f3 en Nayarit a sus simpatizantes demostrar en las urnas \u201cla diferencia que traemos en las encuestas\u201d. Adelant\u00e1ndose a todo, como si contara con \u201cuna bola m\u00e1gica\u201d, la candidata presidencial oficialista, Claudia Sheinbaum Pardo, lanz\u00f3 la voz de alerta en Nayarit, donde sostuvo que la oposici\u00f3n busca \u201chacer fraude\u201d en la [&hellip;]<\/p>\n","protected":false},"author":1,"featured_media":54622,"comment_status":"closed","ping_status":"closed","sticky":false,"template":"","format":"standard","meta":{"footnotes":""},"categories":[30,34,31],"tags":[],"class_list":["post-54621","post","type-post","status-publish","format-standard","has-post-thumbnail","hentry","category-destacado","category-nacional","category-portada"],"_links":{"self":[{"href":"https:\/\/elinformante.mx\/index.php?rest_route=\/wp\/v2\/posts\/54621","targetHints":{"allow":["GET"]}}],"collection":[{"href":"https:\/\/elinformante.mx\/index.php?rest_route=\/wp\/v2\/posts"}],"about":[{"href":"https:\/\/elinformante.mx\/index.php?rest_route=\/wp\/v2\/types\/post"}],"author":[{"embeddable":true,"href":"https:\/\/elinformante.mx\/index.php?rest_route=\/wp\/v2\/users\/1"}],"replies":[{"embeddable":true,"href":"https:\/\/elinformante.mx\/index.php?rest_route=%2Fwp%2Fv2%2Fcomments&post=54621"}],"version-history":[{"count":0,"href":"https:\/\/elinformante.mx\/index.php?rest_route=\/wp\/v2\/posts\/54621\/revisions"}],"wp:featuredmedia":[{"embeddable":true,"href":"https:\/\/elinformante.mx\/index.php?rest_route=\/wp\/v2\/media\/54622"}],"wp:attachment":[{"href":"https:\/\/elinformante.mx\/index.php?rest_route=%2Fwp%2Fv2%2Fmedia&parent=54621"}],"wp:term":[{"taxonomy":"category","embeddable":true,"href":"https:\/\/elinformante.mx\/index.php?rest_route=%2Fwp%2Fv2%2Fcategories&post=54621"},{"taxonomy":"post_tag","embeddable":true,"href":"https:\/\/elinformante.mx\/index.php?rest_route=%2Fwp%2Fv2%2Ftags&post=54621"}],"curies":[{"name":"wp","href":"https:\/\/api.w.org\/{rel}","templated":true}]}}