{"id":55479,"date":"2024-05-29T05:36:19","date_gmt":"2024-05-29T11:36:19","guid":{"rendered":"https:\/\/elinformante.mx\/?p=55479"},"modified":"2024-05-29T05:37:24","modified_gmt":"2024-05-29T11:37:24","slug":"se-acabo-rolan-garros-para-la-mexicana-renata-zarazua","status":"publish","type":"post","link":"https:\/\/elinformante.mx\/?p=55479","title":{"rendered":"Se acab\u00f3 Roland Garros para la mexicana Renata Zaraz\u00faa"},"content":{"rendered":"\n<blockquote class=\"wp-block-quote is-layout-flow wp-block-quote-is-layout-flow\">\n<p>La tenista cay\u00f3 en la primera ronda del Roland Garros ante la estadounidense Madison Keys, n\u00famero 12 del mundo.<\/p>\n<\/blockquote>\n\n\n\n<p>No hubo para m\u00e1s, y la mexicana Renata Zaraz\u00faa cay\u00f3 en la primera ronda del Roland Garros ante la estadounidense Madison Keys, n\u00famero 12 del mundo, por 6-3 y 6-2 en una hora y 12 minutos.<br><\/p>\n\n\n\n<p>Fue en la pista Simonne Mathieu, donde la tercera m\u00e1s importante de la arcilla parisina, Zaraz\u00faa, de 26 a\u00f1os, no pudo con el empuje de su rival y se vio superada por la solidez de Keys, finalista del Abierto de Estados Unidos en 2017, semifinalista en Roland Garros en 2018 y quien acaba de vencer este mes el torneo WTA 500 de Estrasburgo.<br><\/p>\n\n\n\n<p>La jugadora mexicana, quien es sobrina de Vicente Zaraz\u00faa &#8211; considerado uno de los mejores tenistas mexicanos de la historia -, ya hab\u00eda logrado una segunda ronda en el Roland Garros de 2020, cuando cay\u00f3 ante la ucraniana Elina Svitolina.<br><\/p>\n\n\n\n<figure class=\"wp-block-image size-large\"><img fetchpriority=\"high\" decoding=\"async\" width=\"1024\" height=\"503\" src=\"https:\/\/elinformante.mx\/wp-content\/uploads\/2024\/05\/14renata-2-1024x503.jpg\" alt=\"\" class=\"wp-image-55481\" srcset=\"https:\/\/elinformante.mx\/wp-content\/uploads\/2024\/05\/14renata-2-1024x503.jpg 1024w, https:\/\/elinformante.mx\/wp-content\/uploads\/2024\/05\/14renata-2-300x147.jpg 300w, https:\/\/elinformante.mx\/wp-content\/uploads\/2024\/05\/14renata-2-768x377.jpg 768w, https:\/\/elinformante.mx\/wp-content\/uploads\/2024\/05\/14renata-2-580x285.jpg 580w, https:\/\/elinformante.mx\/wp-content\/uploads\/2024\/05\/14renata-2-860x422.jpg 860w, https:\/\/elinformante.mx\/wp-content\/uploads\/2024\/05\/14renata-2.jpg 1140w\" sizes=\"(max-width: 1024px) 100vw, 1024px\" \/><\/figure>\n\n\n\n<p>En aquel a\u00f1o, se convirti\u00f3 en la primera mexicana en participar en el grande de Par\u00eds desde Ang\u00e9lica Gavald\u00f3n en 1995.<br><\/p>\n\n\n\n<p>Beneficiada por la baja de varias jugadoras de la parte alta del ranking, Zaraz\u00faa hab\u00eda logrado acceder al cuadro principal de la presente edici\u00f3n parisina por su buen ranking (102\u00ba).<br><\/p>\n\n\n\n<p>Este 2024, la mejor tenista de M\u00e9xico de la actualidad integr\u00f3 tambi\u00e9n el cuadro principal de otro Grand Slam, el de Australia, haciendo de nuevo historia, aunque cayese en primera ronda ante la italiana Martina Trevisan.<\/p>\n","protected":false},"excerpt":{"rendered":"<p>La tenista cay\u00f3 en la primera ronda del Roland Garros ante la estadounidense Madison Keys, n\u00famero 12 del mundo. No hubo para m\u00e1s, y la mexicana Renata Zaraz\u00faa cay\u00f3 en la primera ronda del Roland Garros ante la estadounidense Madison Keys, n\u00famero 12 del mundo, por 6-3 y 6-2 en una hora y 12 minutos. [&hellip;]<\/p>\n","protected":false},"author":1,"featured_media":55480,"comment_status":"closed","ping_status":"closed","sticky":false,"template":"","format":"standard","meta":{"footnotes":""},"categories":[38,30],"tags":[],"class_list":["post-55479","post","type-post","status-publish","format-standard","has-post-thumbnail","hentry","category-deportes","category-destacado"],"_links":{"self":[{"href":"https:\/\/elinformante.mx\/index.php?rest_route=\/wp\/v2\/posts\/55479","targetHints":{"allow":["GET"]}}],"collection":[{"href":"https:\/\/elinformante.mx\/index.php?rest_route=\/wp\/v2\/posts"}],"about":[{"href":"https:\/\/elinformante.mx\/index.php?rest_route=\/wp\/v2\/types\/post"}],"author":[{"embeddable":true,"href":"https:\/\/elinformante.mx\/index.php?rest_route=\/wp\/v2\/users\/1"}],"replies":[{"embeddable":true,"href":"https:\/\/elinformante.mx\/index.php?rest_route=%2Fwp%2Fv2%2Fcomments&post=55479"}],"version-history":[{"count":0,"href":"https:\/\/elinformante.mx\/index.php?rest_route=\/wp\/v2\/posts\/55479\/revisions"}],"wp:featuredmedia":[{"embeddable":true,"href":"https:\/\/elinformante.mx\/index.php?rest_route=\/wp\/v2\/media\/55480"}],"wp:attachment":[{"href":"https:\/\/elinformante.mx\/index.php?rest_route=%2Fwp%2Fv2%2Fmedia&parent=55479"}],"wp:term":[{"taxonomy":"category","embeddable":true,"href":"https:\/\/elinformante.mx\/index.php?rest_route=%2Fwp%2Fv2%2Fcategories&post=55479"},{"taxonomy":"post_tag","embeddable":true,"href":"https:\/\/elinformante.mx\/index.php?rest_route=%2Fwp%2Fv2%2Ftags&post=55479"}],"curies":[{"name":"wp","href":"https:\/\/api.w.org\/{rel}","templated":true}]}}