{"id":55483,"date":"2024-05-29T05:44:10","date_gmt":"2024-05-29T11:44:10","guid":{"rendered":"https:\/\/elinformante.mx\/?p=55483"},"modified":"2024-05-29T05:44:11","modified_gmt":"2024-05-29T11:44:11","slug":"se-desbarranca-automovil-en-la-carretera-villa-victoria-el-oro","status":"publish","type":"post","link":"https:\/\/elinformante.mx\/?p=55483","title":{"rendered":"Se desbarranca autom\u00f3vil en la carretera Villa Victoria &#8211; El Oro"},"content":{"rendered":"\n<blockquote class=\"wp-block-quote is-layout-flow wp-block-quote-is-layout-flow\">\n<p>El accidente automovil\u00edstico, ocurrido este martes por la ma\u00f1ana, dej\u00f3 tres personas lesionadas.<\/p>\n<\/blockquote>\n\n\n\n<p>Un autom\u00f3vil se sali\u00f3 de la carretera Villa Victoria-El Oro, en el municipio de San Jos\u00e9 del Rinc\u00f3n, y cay\u00f3 a una zanja.<br><\/p>\n\n\n\n<p>El resultado del accidente es de tres personas lesionadas y auxiliadas por unidades de emergencia de las zonas.<br><\/p>\n\n\n\n<p>Todo ocurri\u00f3 la ma\u00f1ana de este martes sobre la carretera antes mencionada a la altura de la comunidad de Guadalupe El Pedregal.<br><\/p>\n\n\n\n<p>Las autoridades policiacas refirieron que el conductor de un veh\u00edculo, color gris, por causas no establecidas, perdi\u00f3 el control del mismo y se sali\u00f3 de la carretera.<br><\/p>\n\n\n\n<p>Ello provoc\u00f3 que pr\u00e1cticamente quedara al interior de una zanja, debajo de un puente, por lo que automovilistas que pasaron por el lugar se detuvieron a auxiliar a los tripulantes del veh\u00edculo.<br><\/p>\n\n\n\n<p>En minutos acudieron varias unidades de emergencia y prestaron apoyo a tres personas lesionadas, a quienes canalizaron a diversos hospitales de la zona.<br><\/p>\n\n\n\n<p>Al lugar tambi\u00e9n se presentaron elementos policiacos que acordonaron el \u00e1rea para luego solicitar una gr\u00faa y rescatar el veh\u00edculo para ser llevado al corral\u00f3n respectivo.<br><\/p>\n\n\n\n<p>Habitantes de la zona se acercaron al lugar tras el accidente de tr\u00e1nsito y tambi\u00e9n prestaron ayuda a los afectados, que al parecer son oriundos de esta regi\u00f3n del Estado de M\u00e9xico.<\/p>\n","protected":false},"excerpt":{"rendered":"<p>El accidente automovil\u00edstico, ocurrido este martes por la ma\u00f1ana, dej\u00f3 tres personas lesionadas. Un autom\u00f3vil se sali\u00f3 de la carretera Villa Victoria-El Oro, en el municipio de San Jos\u00e9 del Rinc\u00f3n, y cay\u00f3 a una zanja. El resultado del accidente es de tres personas lesionadas y auxiliadas por unidades de emergencia de las zonas. Todo [&hellip;]<\/p>\n","protected":false},"author":1,"featured_media":55487,"comment_status":"closed","ping_status":"closed","sticky":false,"template":"","format":"standard","meta":{"footnotes":""},"categories":[36,37],"tags":[],"class_list":["post-55483","post","type-post","status-publish","format-standard","has-post-thumbnail","hentry","category-edomex","category-justicia"],"_links":{"self":[{"href":"https:\/\/elinformante.mx\/index.php?rest_route=\/wp\/v2\/posts\/55483","targetHints":{"allow":["GET"]}}],"collection":[{"href":"https:\/\/elinformante.mx\/index.php?rest_route=\/wp\/v2\/posts"}],"about":[{"href":"https:\/\/elinformante.mx\/index.php?rest_route=\/wp\/v2\/types\/post"}],"author":[{"embeddable":true,"href":"https:\/\/elinformante.mx\/index.php?rest_route=\/wp\/v2\/users\/1"}],"replies":[{"embeddable":true,"href":"https:\/\/elinformante.mx\/index.php?rest_route=%2Fwp%2Fv2%2Fcomments&post=55483"}],"version-history":[{"count":0,"href":"https:\/\/elinformante.mx\/index.php?rest_route=\/wp\/v2\/posts\/55483\/revisions"}],"wp:featuredmedia":[{"embeddable":true,"href":"https:\/\/elinformante.mx\/index.php?rest_route=\/wp\/v2\/media\/55487"}],"wp:attachment":[{"href":"https:\/\/elinformante.mx\/index.php?rest_route=%2Fwp%2Fv2%2Fmedia&parent=55483"}],"wp:term":[{"taxonomy":"category","embeddable":true,"href":"https:\/\/elinformante.mx\/index.php?rest_route=%2Fwp%2Fv2%2Fcategories&post=55483"},{"taxonomy":"post_tag","embeddable":true,"href":"https:\/\/elinformante.mx\/index.php?rest_route=%2Fwp%2Fv2%2Ftags&post=55483"}],"curies":[{"name":"wp","href":"https:\/\/api.w.org\/{rel}","templated":true}]}}