{"id":55489,"date":"2024-05-29T05:48:14","date_gmt":"2024-05-29T11:48:14","guid":{"rendered":"https:\/\/elinformante.mx\/?p=55489"},"modified":"2024-05-29T05:48:14","modified_gmt":"2024-05-29T11:48:14","slug":"atropellan-a-menor-que-deambulada-por-la-noche-en-naucalpan-en-busca-de-su-madre","status":"publish","type":"post","link":"https:\/\/elinformante.mx\/?p=55489","title":{"rendered":"Atropellan a menor que deambulada por la noche en Naucalpan en busca de su madre"},"content":{"rendered":"\n<blockquote class=\"wp-block-quote is-layout-flow wp-block-quote-is-layout-flow\">\n<p>Durante varias horas el cuerpo del menor qued\u00f3 tirado en la avenida San Esteban, cerca de lo que fue el Toreo de Cuatro Caminos.<\/p>\n<\/blockquote>\n\n\n\n<p>A las dos de la ma\u00f1ana del pasado lunes, un ni\u00f1o de 8 a\u00f1os de edad, sali\u00f3 a la calle a buscar su madre, perdiendo la vida al ser atropellado por un automovilista que se dio a la fuga.<br><\/p>\n\n\n\n<p>Sobre la avenida San Esteban, en la colonia del mismo nombre, cerca de lo que fue el Toreo de Cuatro Caminos, el cuerpo del ni\u00f1o qued\u00f3 tirado sobre el asfalto; el menor portaba unas llaves y un tel\u00e9fono celular, con el que al parecer trat\u00f3 de hacer contacto con su madre, sin \u00e9xito.<br><\/p>\n\n\n\n<p>Tras varias horas de estar tirado, un automovilista que circulaba por la zona se percat\u00f3 de su presencia y espantado y sorprendido porque se trataba de un ni\u00f1o bajo de su veh\u00edculo para auxiliarlo y saber que ten\u00eda.<br><\/p>\n\n\n\n<p>Sin embargo, como el peque\u00f1o no se mov\u00eda ni respond\u00eda a sus llamados, el espantado y sorprendido automovilista r\u00e1pidamente pidi\u00f3 el auxilio de una ambulancia para que recibiera atenci\u00f3n m\u00e9dica de urgencia.<br><\/p>\n\n\n\n<p>Despu\u00e9s de que los param\u00e9dicos confirmaron la muerte del menor, polic\u00edas municipales que llegaron en atenci\u00f3n a un llamado de auxilio, acordonaron toda la zona y pidieron la intervenci\u00f3n del Ministerio P\u00fablico para que diera fe de los hechos y ordenara el levantamiento del cad\u00e1ver.<br><\/p>\n\n\n\n<p>Posteriormente cuando se dio a conocer la noticia de que el menor hab\u00eda sido encontrado muerto en dicha avenida, la indignaci\u00f3n entre la opini\u00f3n p\u00fablico no se hizo esperar, pues aunque al momento no se sab\u00eda si el ni\u00f1o hab\u00eda sido asesinado o atropellado, la exigencia de la gente era justicia para el peque\u00f1o.<br><\/p>\n\n\n\n<p>Horas m\u00e1s tarde, cuando a trav\u00e9s de un video se confirm\u00f3 que el menor hab\u00eda sido atropellado por veloz automovilista, al tratar de cruzar la avenida, de igual manera la gente exigi\u00f3 justicia y la captura de su madre, pues se dijo que de acuerdo a las primeras investigaciones que realiz\u00f3 la polic\u00eda, la tragedia se dio porque la mam\u00e1 no llego a su casa y el peque\u00f1o por el miedo que vivi\u00f3 y en su desesperaci\u00f3n por buscarla y encontrarla sali\u00f3 a la calle a buscarla.<\/p>\n","protected":false},"excerpt":{"rendered":"<p>Durante varias horas el cuerpo del menor qued\u00f3 tirado en la avenida San Esteban, cerca de lo que fue el Toreo de Cuatro Caminos. A las dos de la ma\u00f1ana del pasado lunes, un ni\u00f1o de 8 a\u00f1os de edad, sali\u00f3 a la calle a buscar su madre, perdiendo la vida al ser atropellado por [&hellip;]<\/p>\n","protected":false},"author":1,"featured_media":55490,"comment_status":"closed","ping_status":"closed","sticky":false,"template":"","format":"standard","meta":{"footnotes":""},"categories":[36,37],"tags":[],"class_list":["post-55489","post","type-post","status-publish","format-standard","has-post-thumbnail","hentry","category-edomex","category-justicia"],"_links":{"self":[{"href":"https:\/\/elinformante.mx\/index.php?rest_route=\/wp\/v2\/posts\/55489","targetHints":{"allow":["GET"]}}],"collection":[{"href":"https:\/\/elinformante.mx\/index.php?rest_route=\/wp\/v2\/posts"}],"about":[{"href":"https:\/\/elinformante.mx\/index.php?rest_route=\/wp\/v2\/types\/post"}],"author":[{"embeddable":true,"href":"https:\/\/elinformante.mx\/index.php?rest_route=\/wp\/v2\/users\/1"}],"replies":[{"embeddable":true,"href":"https:\/\/elinformante.mx\/index.php?rest_route=%2Fwp%2Fv2%2Fcomments&post=55489"}],"version-history":[{"count":0,"href":"https:\/\/elinformante.mx\/index.php?rest_route=\/wp\/v2\/posts\/55489\/revisions"}],"wp:featuredmedia":[{"embeddable":true,"href":"https:\/\/elinformante.mx\/index.php?rest_route=\/wp\/v2\/media\/55490"}],"wp:attachment":[{"href":"https:\/\/elinformante.mx\/index.php?rest_route=%2Fwp%2Fv2%2Fmedia&parent=55489"}],"wp:term":[{"taxonomy":"category","embeddable":true,"href":"https:\/\/elinformante.mx\/index.php?rest_route=%2Fwp%2Fv2%2Fcategories&post=55489"},{"taxonomy":"post_tag","embeddable":true,"href":"https:\/\/elinformante.mx\/index.php?rest_route=%2Fwp%2Fv2%2Ftags&post=55489"}],"curies":[{"name":"wp","href":"https:\/\/api.w.org\/{rel}","templated":true}]}}