{"id":55519,"date":"2024-05-29T06:17:05","date_gmt":"2024-05-29T12:17:05","guid":{"rendered":"https:\/\/elinformante.mx\/?p=55519"},"modified":"2024-05-29T06:17:06","modified_gmt":"2024-05-29T12:17:06","slug":"aumenta-numero-de-mexiquenses-en-desocupacion-laboral-inegi","status":"publish","type":"post","link":"https:\/\/elinformante.mx\/?p=55519","title":{"rendered":"Aumenta n\u00famero de mexiquenses en desocupaci\u00f3n laboral: Inegi"},"content":{"rendered":"\n<blockquote class=\"wp-block-quote is-layout-flow wp-block-quote-is-layout-flow\">\n<p>En el caso de las mujeres, el 54 por ciento no tienen un empleo o no participan de la vida econ\u00f3mica de la entidad.<\/p>\n<\/blockquote>\n\n\n\n<p>Durante el primer trimestre de 2023, en el Estado de M\u00e9xico el 3.6% de la poblaci\u00f3n econ\u00f3micamente activa estuvo desocupada.<br><\/p>\n\n\n\n<p>De acuerdo con datos del Instituto Nacional de Estad\u00edstica y Geograf\u00eda (Inegi) la cifra se hace mayor cuando se contabiliza s\u00f3lo a las mujeres, ya que la cifra es 54 por ciento de las mujeres que no tienen un empleo o no participan de la vida econ\u00f3mica de la entidad.<br><\/p>\n\n\n\n<p>En la Encuesta Nacional de Ocupaci\u00f3n y Empleo se da cuenta que ello significa 1 mill\u00f3n 632 mil hombres sin empleo y 4 millones 48 mil en el caso de las mujeres.<br><\/p>\n\n\n\n<p>En lo que respecta al \u00edndice de informalidad este dio empleo o ingresos a 4 millones 460 mil personas en el primer trimestre del a\u00f1o lo que significa un incremento de pr\u00e1cticamente 60 mil personas con respecto al mismo periodo del a\u00f1o anterior.<br><\/p>\n\n\n\n<p>La ocupaci\u00f3n informal en las mujeres pas\u00f3 de 1 mill\u00f3n 826 mil a 1 mill\u00f3n 840, periodo en el que se contabilizaron 14 mil 438 mujeres m\u00e1s en actividades informales.<br><\/p>\n\n\n\n<p>A nivel estatal la poblaci\u00f3n econ\u00f3micamente activa asciende a 8 millones 328 mil 673 personas, de las cuales la poblaci\u00f3n subocupada, es decir, con m\u00e1s de un empleo o bien con tiempo disponible para realizar otra actividad ascendi\u00f3 a 517 mil 411 mexiquenses.<br><\/p>\n\n\n\n<p>El mayor porcentaje de poblaci\u00f3n ocupada se ubic\u00f3 en las actividades terciarias, es decir, las relacionadas al comercio y los servicios con una participaci\u00f3n del 72.1%, s\u00f3lo en el caso del comercio le incremento alcanz\u00f3 100 mil 999 personas.<\/p>\n","protected":false},"excerpt":{"rendered":"<p>En el caso de las mujeres, el 54 por ciento no tienen un empleo o no participan de la vida econ\u00f3mica de la entidad. Durante el primer trimestre de 2023, en el Estado de M\u00e9xico el 3.6% de la poblaci\u00f3n econ\u00f3micamente activa estuvo desocupada. De acuerdo con datos del Instituto Nacional de Estad\u00edstica y Geograf\u00eda [&hellip;]<\/p>\n","protected":false},"author":1,"featured_media":55520,"comment_status":"closed","ping_status":"closed","sticky":false,"template":"","format":"standard","meta":{"footnotes":""},"categories":[30,36,31],"tags":[],"class_list":["post-55519","post","type-post","status-publish","format-standard","has-post-thumbnail","hentry","category-destacado","category-edomex","category-portada"],"_links":{"self":[{"href":"https:\/\/elinformante.mx\/index.php?rest_route=\/wp\/v2\/posts\/55519","targetHints":{"allow":["GET"]}}],"collection":[{"href":"https:\/\/elinformante.mx\/index.php?rest_route=\/wp\/v2\/posts"}],"about":[{"href":"https:\/\/elinformante.mx\/index.php?rest_route=\/wp\/v2\/types\/post"}],"author":[{"embeddable":true,"href":"https:\/\/elinformante.mx\/index.php?rest_route=\/wp\/v2\/users\/1"}],"replies":[{"embeddable":true,"href":"https:\/\/elinformante.mx\/index.php?rest_route=%2Fwp%2Fv2%2Fcomments&post=55519"}],"version-history":[{"count":0,"href":"https:\/\/elinformante.mx\/index.php?rest_route=\/wp\/v2\/posts\/55519\/revisions"}],"wp:featuredmedia":[{"embeddable":true,"href":"https:\/\/elinformante.mx\/index.php?rest_route=\/wp\/v2\/media\/55520"}],"wp:attachment":[{"href":"https:\/\/elinformante.mx\/index.php?rest_route=%2Fwp%2Fv2%2Fmedia&parent=55519"}],"wp:term":[{"taxonomy":"category","embeddable":true,"href":"https:\/\/elinformante.mx\/index.php?rest_route=%2Fwp%2Fv2%2Fcategories&post=55519"},{"taxonomy":"post_tag","embeddable":true,"href":"https:\/\/elinformante.mx\/index.php?rest_route=%2Fwp%2Fv2%2Ftags&post=55519"}],"curies":[{"name":"wp","href":"https:\/\/api.w.org\/{rel}","templated":true}]}}